{"id":132100,"date":"2023-12-01T19:57:50","date_gmt":"2023-12-01T18:57:50","guid":{"rendered":"https:\/\/www.padelfip.com\/?p=132100"},"modified":"2023-12-01T17:01:15","modified_gmt":"2023-12-01T16:01:15","slug":"milano-premier-padel-p1-2023-presentado-el-evento-combined-carraro-presidente-fip-en-la-allianz-cloud-un-espectaculo-unico","status":"publish","type":"post","link":"https:\/\/www.padelfip.com\/es\/2023\/12\/milano-premier-padel-p1-2023-presentado-el-evento-combined-carraro-presidente-fip-en-la-allianz-cloud-un-espectaculo-unico\/","title":{"rendered":"Milano Premier Padel P1 2023, presentado el evento \u201cCombined\u201d Carraro (presidente FIP): \u201cEn la Allianz Cloud un espect\u00e1culo \u00fanico\u201d"},"content":{"rendered":"<p>La edici\u00f3n 2023 de <strong>Milano Premier Padel P<\/strong>1 cierra la temporada, pero abre una nueva era. Del l<strong>unes 4 al domingo 10 de diciembre<\/strong>, a la <strong>Allianz Cloud<\/strong> acoge a los jugadores m\u00e1s fuertes del planeta &#8211; El cuadro femenino es la gran novedad de este a\u00f1o, en la \u00faltima prueba del circuito <strong>Premier Padel<\/strong>, que hace 12 meses congreg\u00f3 a 27.000 espectadores para presenciar un espect\u00e1culo extraordinario. La lista de inscritos es muy rica: en el cuadro masculino, habr\u00e1 28 de los 30 mejores jugadores del ranking de la FIP, Federaci\u00f3n Internacional de P\u00e1del, mientras que en el cuadro femenino ser\u00e1n 27 las Top 30 en liza. El torneo, que arranca el s\u00e1bado 2 de diciembre con la fase previa &#8211; a las 13.30 horas, en el Spazio Lenovo, tendr\u00e1 lugar el sorteo principal- se present\u00f3 en el Palazzo Marino, sede del Ayuntamiento de Mil\u00e1n, una elecci\u00f3n muy simb\u00f3lica para una ciudad que, durante una semana, ser\u00e1 la \u00abcuna del padel\u00bb mundial.<\/p>\n<p><strong>RIVA <\/strong>\u00ab<em>Premier Padel P1, para Mil\u00e1n, sigue siendo una novedad pero ya es una costumbre <\/em>&#8211; las palabras de la <strong>Concejala de Deporte, Turismo y Pol\u00edticas de Juventud del Ayuntamiento de Mil\u00e1n, Martina Riva<\/strong> <em>-Durante estos meses la espera en la ciudad se ha hecho sentir: hemos cre\u00eddo y trabajado en ello. Mil\u00e1n ha comprendido el valor de un acontecimiento que el a\u00f1o pasado congreg\u00f3 a 27 mil personas en el Allianz Cloud y est\u00e1 dispuesta a acoger de nuevo el torneo, adem\u00e1s en una instalaci\u00f3n municipal, la Allianz Cloud, gestionada de la mejor manera por Milanosport. Estoy especialmente contenta de que este a\u00f1o el torneo se enriquezca con las jugadoras m\u00e1s fuertes del mundo: Mil\u00e1n, en este sentido, ha invertido mucho en el deporte femenino, desde el baloncesto al voleibol, hasta la llegada del equipo femenino del Inter al Arena Civica. Con los organizadores y la FIP ha habido sinergia desde el principio: Premier Padel es una fiesta, porque el p\u00e1del es un deporte que puede entender todo el mundo y puede levantar del sof\u00e1 incluso a las personas m\u00e1s sedentarias<\/em>\u00bb.<\/p>\n<p><strong>CARRARO <\/strong>Una nueva era, se dijo. El p\u00e1del, a partir de 2024, tendr\u00e1 un \u00fanico circuito y un \u00fanico ranking, culminaci\u00f3n del trabajo realizado por la Federaci\u00f3n Internacional de P\u00e1del. \u00ab<em>Se acaba un 2023 extraordinario, en el que nos hemos hecho cargo del World Padel Tour, algo que nos hac\u00eda mucha ilusi\u00f3n &#8211; <\/em>explica el <strong>Presidente FIP Luigi Carraro<\/strong> <em>&#8211; quer\u00edamos hacerlo por los jugadores, que hab\u00edan empezado con nosotros esta aventura en Premier Padel, pero tambi\u00e9n por el p\u00fablico y los aficionados. Creemos que un deporte debe tener un circuito \u00fanico y una clasificaci\u00f3n \u00fanica. Tantos deportes se est\u00e1n fragmentando: nosotros, en el p\u00e1del, en 18 meses hemos conseguido unificar y crear un circuito \u00fanico regido por la Federaci\u00f3n Internacional y apoyado por el mejor fondo de inversi\u00f3n que hemos podido encontrar en nuestro camino, Qatar Sports Investments, con el apoyo de la asociaci\u00f3n de jugadores.El ranking \u00fanico que entrar\u00e1 en vigor en 2024 ser\u00e1 f\u00e1cil de entender y consultar para todos, y tambi\u00e9n desvelaremos el calendario de torneos en breve. Estamos contentos de volver a Mil\u00e1n: cada vez que vienes aqu\u00ed, ves algo nuevo. Y, confirmando lo extraordinaria que es Mil\u00e1n, todos los mejores jugadores del mundo vienen aqu\u00ed con sus familias, lo que demuestra lo mucho que les gusta esta ciudad. Tambi\u00e9n tendremos la suerte de ver a las jugadoras: quer\u00edamos, lo prometimos y ganamos la apuesta. El a\u00f1o pasado disfrutaron viendo jugar a los jugadores, este a\u00f1o ver\u00e1n jugar a las chicas y ser\u00e1 algo \u00fanico. Tenemos la atenci\u00f3n de todo el mundo, con 187 pa\u00edses que retransmiten el torneo, en un pabell\u00f3n que quiz\u00e1 no sea el m\u00e1s grande, pero que sin duda es el m\u00e1s bonito. Quiero dar las gracias a la Federaci\u00f3n Italiana de Tenis y P\u00e1del, a Sport e Salute, al Ayuntamiento de Mil\u00e1n, a la Regi\u00f3n de Lombard\u00eda y al Ministerio de Deporte y Juventud con sus dos departamentos, Deporte y Juventud, que han apoyado y sostenido este acontecimiento, confirmando su importancia<\/em>\u00bb.<\/p>\n<p>Hablando de j\u00f3venes, los titulares de la <strong>Carta Giovani<\/strong> tienen acceso a una oportunidad \u00fanica, con 500 entradas gratuitas para cada sesi\u00f3n del main draw del 4 al 6 de diciembre, que pueden recogerse en el <strong>Spazio Lenovo<\/strong> de Corso Giacomo Matteotti 10 de Mil\u00e1n presentando la Carta y un documento de identidad v\u00e1lido.<\/p>\n<p>Los mejores j\u00f3venes del panorama mundial de p\u00e1del han actuado en las \u00faltimas semanas en <strong>Asunci\u00f3n<\/strong> (Paraguay), sede del <strong>Campeonato Mundial Juvenil<\/strong>, una cita que marc\u00f3 un momento crucial para el movimiento. \u00ab<em>Ese Mundial me hace mirar al futuro con mucha confianza<\/em> -continu\u00f3 <strong>Carraro<\/strong>&#8211;<em> En Mil\u00e1n tenemos a los mejores int\u00e9rpretes de esta disciplina, pero en Paraguay vimos el nivel t\u00e9cnico y de participaci\u00f3n de la next gen del p\u00e1del, que cada vez m\u00e1s se est\u00e1 convirtiendo en un deporte global. Espa\u00f1a y Argentina siguen siendo l\u00edderes, pero el hecho de que en Paraguay fuera Suecia quien llegara a una final deja claro que hay muchas naciones que est\u00e1n emergiendo a un gran nivel<\/em>\u00bb.<\/p>\n<p>&nbsp;<\/p>\n<p><img loading=\"lazy\" decoding=\"async\" class=\"alignnone wp-image-132098 size-full\" src=\"https:\/\/www.padelfip.com\/wp-content\/uploads\/2023\/12\/WhatsApp-Image-2023-12-01-at-13.08.51.jpeg\" alt=\"\" width=\"1600\" height=\"900\" srcset=\"https:\/\/www.padelfip.com\/wp-content\/uploads\/2023\/12\/WhatsApp-Image-2023-12-01-at-13.08.51.jpeg 1600w, https:\/\/www.padelfip.com\/wp-content\/uploads\/2023\/12\/WhatsApp-Image-2023-12-01-at-13.08.51-300x169.jpeg 300w, https:\/\/www.padelfip.com\/wp-content\/uploads\/2023\/12\/WhatsApp-Image-2023-12-01-at-13.08.51-1024x576.jpeg 1024w, https:\/\/www.padelfip.com\/wp-content\/uploads\/2023\/12\/WhatsApp-Image-2023-12-01-at-13.08.51-768x432.jpeg 768w, https:\/\/www.padelfip.com\/wp-content\/uploads\/2023\/12\/WhatsApp-Image-2023-12-01-at-13.08.51-1536x864.jpeg 1536w\" sizes=\"auto, (max-width: 1600px) 100vw, 1600px\" \/><\/p>\n<p>&nbsp;<\/p>\n<p><strong>AREF<\/strong> \u00ab<em>Somos una gran familia y hemos trabajado todos juntos para volver a Mil\u00e1n<\/em> &#8211; dijo <strong>Adel Aref, Director del Premier Padel Tour<\/strong> &#8211; <em>Es fant\u00e1stico estar aqu\u00ed de nuevo, con tantas novedades respecto a la pasada edici\u00f3n, sobre todo la presencia del cuadro femenino. Doy las gracias a Milan y Martina Riva por su incansable trabajo, a Luigi Carraro y a la Federaci\u00f3n Internacional de P\u00e1del: gracias a todos por creer en nosotros y en el p\u00e1del. Disfrutad de esta semana!<\/em>\u00bb.<\/p>\n<p><strong>GAMBERALE<\/strong> Milano Premier Padel P1 ser\u00e1 una cita ineludible dentro y fuera del Allianz Cloud, con un village comercial en el que estar\u00e1n presentes las mejores marcas del mundo relacionadas con el p\u00e1del y mucho m\u00e1s. Tambi\u00e9n habr\u00e1 un gran patio de comidas con food trucks. Todo pensado para que los asistentes pasen un d\u00eda entero en la Allianz Cloud entre grandes partidos de p\u00e1del, pruebas t\u00e9cnicas con los materiales m\u00e1s innovadores en materia de equipamiento deportivo, compras y food experience. \u00ab<em>Construir un evento como este no es f\u00e1cil, pero tener a las instituciones al lado hace que todo sea m\u00e1s accesible<\/em> &#8211; destac\u00f3 <strong>Marco Gamberale, CEO de NSA Group y responsable organizativo del evento<\/strong> &#8211; <em>El espect\u00e1culo estar\u00e1 centrado en el p\u00fablico y hemos trabajado para crear una atm\u00f3sfera inmersiva entre el p\u00e1del y el entretenimiento. Siguiendo esta filosof\u00eda de dise\u00f1o, hemos creado la zona comercial alrededor de la Allianz Cloud, para que el momento de evasi\u00f3n del espect\u00e1culo deportivo sea inmediato, entre un partido y otro, para disfrutar de una jornada de p\u00e1del de alta intensidad. Es un honor tener a nuestro lado a tantas empresas de prestigio, esto nos ayuda a planificar el futuro, que presenta perspectivas prometedoras: los datos provisionales de la taquilla dicen que nos encaminamos hacia un aumento de las ventas de alrededor del 10% con respecto al a\u00f1o pasado. \u00bfEl objetivo? Superar las 30 mil entradas<\/em>\u00bb.<\/p>\n<p><strong>PROTAGONISTAS<\/strong>\u00a0Las jugadoras m\u00e1s fuertes del mundo saltar\u00e1n a la pista por primera vez en Mil\u00e1n, y entre ellas estar\u00e1n las tres parejas ganadoras de los tres Premierships disputados hasta ahora a nivel femenino: desde Paula\u00a0<strong>Josemar\u00eda<\/strong>\u00a0y Ari\u00a0<strong>S\u00e1nchez<\/strong>, reinas de Par\u00eds y pareja n\u00famero uno del ranking\u00a0<strong>FIP<\/strong>, a Marta\u00a0<strong>Ortega<\/strong>\u00a0y Gemma\u00a0<strong>Triay\u00a0<\/strong>(n\u00ba 2) que triunfaron en Roma en el primer torneo &#8216;combined&#8217; de la historia de la\u00a0<strong>Premier Padel<\/strong>, Delfina<strong>\u00a0Brea\u00a0<\/strong>(7) y Bea<strong>\u00a0Gonz\u00e1lez<\/strong>\u00a0(5) que ganaron en Madrid. Tambi\u00e9n en el cuadro masculino la cima de la disciplina: De Arturo\u00a0<strong>Coello<\/strong>\u00a0-n\u00famero 1 del ranking\u00a0<strong>FIP<\/strong>&#8211; y Agust\u00edn\u00a0<strong>Tapia<\/strong>\u00a0(6), ganadores de las cuatro \u00faltimas etapas Premier Padel (Roma, Madrid, Mendoza y Par\u00eds) a Juan\u00a0<strong>Lebr\u00f3n<\/strong>\u00a0y Ale\u00a0<strong>Gal\u00e1n,<\/strong>\u00a0vigentes campeones y n\u00famero 2 de la clasificaci\u00f3n mundial. Y de nuevo, Franco<strong>\u00a0Stupaczuk<\/strong>\u00a0(7) y Mart\u00edn\u00a0<strong>Di Nenno<\/strong>\u00a0(4), Fede\u00a0<strong>Chingotto\u00a0<\/strong>(8) y el \u00eddolo &#8216;Paquito&#8217;<strong>\u00a0Navarro<\/strong>\u00a0(5), hasta la &#8216;<em>Leyenda<\/em>&#8216; Fernando\u00a0<strong>Belastegu\u00edn<\/strong>\u00a0(9), que formando pareja con Mike\u00a0<strong>Yanguas<\/strong>\u00a0abarca m\u00e1s de dos generaciones de padelistas. Y la cosa no acaba ah\u00ed, porque en el gran espect\u00e1culo deportivo milan\u00e9s del circuito Premier Padel -apoyado por PPA e IPPA, las asociaciones de jugadores y jugadoras respectivamente- estar\u00e1n todos los mejores jugadores del ranking FIP, que se puede consultar en los enlaces:<a href=\"https:\/\/www.padelfip.com\/es\/ranking-masculino\/\">https:\/\/www.padelfip.com\/ranking-male\/<\/a>\u00a0para el cuadro masculino y\u00a0<a href=\"https:\/\/www.padelfip.com\/es\/ranking-femenino\/\">https:\/\/www.padelfip.com\/ranking-female\/<\/a>\u00a0para el femenino.<\/p>\n<p><strong>INSTITUCIONES<\/strong>\u00a0Milano Premier Padel P1 puede contar con el apoyo de la\u00a0<strong>Oficina para el Deporte de la Presidencia del Consejo de Ministros<\/strong>, destinada a apoyar la realizaci\u00f3n de eventos deportivos masculinos y femeninos de relevancia internacional, el\u00a0<strong>Departamento de Pol\u00edticas de Juventud y Servicio Civil Universal<\/strong>, y el patrocinio del\u00a0<strong>Ayuntamiento de Mil\u00e1n\u00a0<\/strong>y<strong>\u00a0la Regi\u00f3n de Lombard\u00eda<\/strong>.<\/p>\n<p><strong>TAQUILLA DE VENTA DE ENTRADAS<\/strong>\u00a0En el portal\u00a0<strong>Ticketone (<\/strong><a href=\"https:\/\/sport.ticketone.it\/search?text=milano\"><strong>https:\/\/sport.ticketone.it\/search?text=milano<\/strong><\/a><strong>)<\/strong>\u00a0est\u00e1n a la venta las entradas para el Milano Premier Padel P1, divididas por sesiones de juego: por primera vez en el circuito Premier Padel, gracias a la revolucionaria tecnolog\u00eda YourSeats360, ser\u00e1 posible comprar entradas eligiendo un asiento en modo \u00abinmersivo\u00bb, es decir, teniendo una visi\u00f3n exacta del terreno de juego desde tu puesto.\u00a0<strong>Los miembros de la FITP (Federaci\u00f3n Italiana de Tenis y P\u00e1del) tambi\u00e9n podr\u00e1n beneficiarse de un descuento del 20%<\/strong>: toda la informaci\u00f3n sobre horarios y precios est\u00e1 disponible en Ticketone y en la p\u00e1gina web oficial\u00a0<a href=\"http:\/\/www.milanopremierpadel.com\/\"><strong>www.milanopremierpadel.com<\/strong><\/a>. El p\u00fablico del Allianz Cloud no s\u00f3lo ser\u00e1 espectador de uno de los torneos m\u00e1s importantes y prestigiosos del mundo, sino que tambi\u00e9n ser\u00e1 protagonista del espect\u00e1culo, con actividades en directo en las que participar\u00e1n los espectadores.<\/p>\n<p><strong>LAS CANCHAS<\/strong>\u00a0El Milano Premier Padel P1 se disputar\u00e1 en la &#8216;Centrale&#8217; instalada en el\u00a0<strong>Allianz Cloud<\/strong>, con un aforo de 5.500 localidades, agotadas en los d\u00edas decisivos del torneo de 2022. Se han programado dos sesiones separadas cada d\u00eda en el Allianz para los dos marcadores -a excepci\u00f3n del lunes, cuando el juego ser\u00e1 ininterrumpido a partir de las 10 de la ma\u00f1ana-, a saber, la sesi\u00f3n matinal y la vespertina. Todos los horarios de juego est\u00e1n disponibles en la p\u00e1gina web oficial del torneo,\u00a0<a href=\"http:\/\/www.milanopremierpadel.com\/\">www.milanopremierpadel.com<\/a>.<\/p>\n","protected":false},"excerpt":{"rendered":"<p>La edici\u00f3n 2023 de Milano Premier Padel P1 cierra la temporada, pero abre una nueva era. Del lunes 4 al domingo 10 de diciembre, a la Allianz Cloud acoge a los jugadores m\u00e1s fuertes del planeta &#8211; El cuadro femenino es la gran novedad de este a\u00f1o, en la \u00faltima prueba del circuito Premier Padel, [&hellip;]<\/p>\n","protected":false},"author":17,"featured_media":132095,"comment_status":"closed","ping_status":"closed","sticky":false,"template":"","format":"standard","meta":{"_acf_changed":false,"footnotes":""},"categories":[384],"tags":[],"class_list":["post-132100","post","type-post","status-publish","format-standard","has-post-thumbnail","hentry","category-milano-premier-padel-p1-p1-premier-padel"],"acf":[],"_links":{"self":[{"href":"https:\/\/www.padelfip.com\/es\/wp-json\/wp\/v2\/posts\/132100","targetHints":{"allow":["GET"]}}],"collection":[{"href":"https:\/\/www.padelfip.com\/es\/wp-json\/wp\/v2\/posts"}],"about":[{"href":"https:\/\/www.padelfip.com\/es\/wp-json\/wp\/v2\/types\/post"}],"author":[{"embeddable":true,"href":"https:\/\/www.padelfip.com\/es\/wp-json\/wp\/v2\/users\/17"}],"replies":[{"embeddable":true,"href":"https:\/\/www.padelfip.com\/es\/wp-json\/wp\/v2\/comments?post=132100"}],"version-history":[{"count":0,"href":"https:\/\/www.padelfip.com\/es\/wp-json\/wp\/v2\/posts\/132100\/revisions"}],"wp:featuredmedia":[{"embeddable":true,"href":"https:\/\/www.padelfip.com\/es\/wp-json\/wp\/v2\/media\/132095"}],"wp:attachment":[{"href":"https:\/\/www.padelfip.com\/es\/wp-json\/wp\/v2\/media?parent=132100"}],"wp:term":[{"taxonomy":"category","embeddable":true,"href":"https:\/\/www.padelfip.com\/es\/wp-json\/wp\/v2\/categories?post=132100"},{"taxonomy":"post_tag","embeddable":true,"href":"https:\/\/www.padelfip.com\/es\/wp-json\/wp\/v2\/tags?post=132100"}],"curies":[{"name":"wp","href":"https:\/\/api.w.org\/{rel}","templated":true}]}}