{"id":158982,"date":"2024-05-27T09:00:08","date_gmt":"2024-05-27T07:00:08","guid":{"rendered":"https:\/\/www.padelfip.com\/?p=158982"},"modified":"2025-11-07T00:43:59","modified_gmt":"2025-11-06T23:43:59","slug":"banco-de-chile-santiago-premier-padel-p1-comunicado-de-premier-padel","status":"publish","type":"post","link":"https:\/\/www.padelfip.com\/es\/2024\/05\/banco-de-chile-santiago-premier-padel-p1-comunicado-de-premier-padel\/","title":{"rendered":"Banco de Chile Santiago Premier Padel P1, comunicado de Premier Padel"},"content":{"rendered":"<p>&nbsp;<\/p>\n<p>Tras el anuncio de ayer, se han realizado los siguientes ajustes en el orden de juego del Banco de Chile Santiago Premier Padel P1:<\/p>\n<p>&nbsp;<\/p>\n<ul>\n<li>Tal como se anunci\u00f3 ayer, las rondas clasificatorias se han retrasado un d\u00eda, comenzando hoy (lunes 27 de mayo).<\/li>\n<li>Adem\u00e1s, el resto del calendario del torneo tambi\u00e9n se retrasar\u00e1 un d\u00eda, y las Finales tendr\u00e1n lugar el lunes 3 de junio, que, como en todos los torneos, se reserve como d\u00eda de contingencia.<\/li>\n<\/ul>\n<p>&nbsp;<\/p>\n<p>Estos ajustes se han realizado tras consultar con la PPA y la IPPA y son necesarios como consecuencia de un lamentable retraso en la instalaci\u00f3n de determinados infraestructuras de pista por parte del promotor local. Agradecemos sinceramente a la PPA y la IPPA \u2013 y a todos los jugadores y jugadoras \u2013 su comprensi\u00f3n y paciencia para adaptarse a este retraso imprevisto del promotor local.<\/p>\n<p>&nbsp;<\/p>\n<p>Premier Padel respalda y apoya plenamente a nuestro promotor local en Chile \u2013 un socio del tour \u2013 en este momento. Los problemas de entrega ocurren ocasionalmente en todos los eventos deportivos; y esperamos que el torneo sea un \u00e9xito.<\/p>\n","protected":false},"excerpt":{"rendered":"<p>&nbsp; Tras el anuncio de ayer, se han realizado los siguientes ajustes en el orden de juego del Banco de Chile Santiago Premier Padel P1: &nbsp; Tal como se anunci\u00f3 ayer, las rondas clasificatorias se han retrasado un d\u00eda, comenzando hoy (lunes 27 de mayo). Adem\u00e1s, el resto del calendario del torneo tambi\u00e9n se retrasar\u00e1 [&hellip;]<\/p>\n","protected":false},"author":11,"featured_media":158980,"comment_status":"closed","ping_status":"closed","sticky":false,"template":"","format":"standard","meta":{"_acf_changed":false,"footnotes":""},"categories":[675],"tags":[],"class_list":["post-158982","post","type-post","status-publish","format-standard","has-post-thumbnail","hentry","category-banco-de-chile-premier-padel-p1-es"],"acf":[],"_links":{"self":[{"href":"https:\/\/www.padelfip.com\/es\/wp-json\/wp\/v2\/posts\/158982","targetHints":{"allow":["GET"]}}],"collection":[{"href":"https:\/\/www.padelfip.com\/es\/wp-json\/wp\/v2\/posts"}],"about":[{"href":"https:\/\/www.padelfip.com\/es\/wp-json\/wp\/v2\/types\/post"}],"author":[{"embeddable":true,"href":"https:\/\/www.padelfip.com\/es\/wp-json\/wp\/v2\/users\/11"}],"replies":[{"embeddable":true,"href":"https:\/\/www.padelfip.com\/es\/wp-json\/wp\/v2\/comments?post=158982"}],"version-history":[{"count":0,"href":"https:\/\/www.padelfip.com\/es\/wp-json\/wp\/v2\/posts\/158982\/revisions"}],"wp:featuredmedia":[{"embeddable":true,"href":"https:\/\/www.padelfip.com\/es\/wp-json\/wp\/v2\/media\/158980"}],"wp:attachment":[{"href":"https:\/\/www.padelfip.com\/es\/wp-json\/wp\/v2\/media?parent=158982"}],"wp:term":[{"taxonomy":"category","embeddable":true,"href":"https:\/\/www.padelfip.com\/es\/wp-json\/wp\/v2\/categories?post=158982"},{"taxonomy":"post_tag","embeddable":true,"href":"https:\/\/www.padelfip.com\/es\/wp-json\/wp\/v2\/tags?post=158982"}],"curies":[{"name":"wp","href":"https:\/\/api.w.org\/{rel}","templated":true}]}}