{"id":166534,"date":"2024-07-16T16:48:31","date_gmt":"2024-07-16T14:48:31","guid":{"rendered":"https:\/\/www.padelfip.com\/?p=166534"},"modified":"2024-07-16T17:29:44","modified_gmt":"2024-07-16T15:29:44","slug":"fip-platinum-sardegna-lamperti-y-tolito-show-de-padel-para-el-publico-en-el-bela-day","status":"publish","type":"post","link":"https:\/\/www.padelfip.com\/es\/2024\/07\/fip-platinum-sardegna-lamperti-y-tolito-show-de-padel-para-el-publico-en-el-bela-day\/","title":{"rendered":"FIP Platinum Sardegna: Lamperti y Tolito,  show de p\u00e1del para el p\u00fablico en el \u00abBela Day\u00bb"},"content":{"rendered":"<p style=\"text-align: justify;\"><b><span style=\"font-size: 14.0pt; font-family: 'Arial Narrow',sans-serif;\">&#8216;Bela&#8217;<\/span><\/b><span style=\"font-size: 14.0pt; font-family: 'Arial Narrow',sans-serif;\"> en la pista en el programa nocturno, tambi\u00e9n debut para <b>Momo Gonz\u00e1lez<\/b>. Se abre con nombres de lujo la segunda edici\u00f3n del <b>FIP Platinum Sardegna<\/b>, el torneo de la m\u00e1xima categor\u00eda del <b>CUPRA FIP Tour<\/b>, cuyo cuadro principal comenz\u00f3 hoy en el <b>TC Cagliari<\/b>. Un debut muy esperado para <b>Fernando Belasteguin<\/b>, con los aficionados listos para aplaudir una vez m\u00e1s el \u00ab\u00faltimo baile\u00bb de la <b>Leyenda<\/b>, a\u00fan m\u00e1s interesante por la presencia de <b>Javi Garrido<\/b> a su lado, una pareja in\u00e9dita que promete entusiasmar al p\u00fablico. Los n\u00fameros uno del cuadro jugar\u00e1n en el \u00faltimo partido programado en la cancha central; frente a ellos, la otra pareja hispano-argentina formada por <b>Ignacio Piotto y Mario Del Castillo<\/b>.<\/span><\/p>\n<p style=\"text-align: justify;\"><span style=\"font-size: 14.0pt; font-family: 'Arial Narrow',sans-serif;\">Otra nueva pareja, mientras tanto, dio un espect\u00e1culo inmediato: <b>Miguel Lamperti y Tolito Aguirre<\/b> hicieron su debut en el primer encuentro de la ma\u00f1ana en la Central, con el p\u00fablico ya numeroso animando a dos atletas muy queridos tambi\u00e9n en Italia, en particular <b>Tolito<\/b>, estrella de YouTube e \u00eddolo indiscutible de los m\u00e1s j\u00f3venes. Los dos vencieron en una hora exacta (6-3 6-1) a la pareja italiana <b>Perino\/Dominguez<\/b>. La aventura en Cerde\u00f1a tambi\u00e9n comenz\u00f3 bien para <b>Maxi S\u00e1nchez y Luciano Capra<\/b> (3), con una victoria por 6-4 6-4 sobre <b>Medina\/Garc\u00eda<\/b>. En las gradas, un aficionado especial: el exfutbolista del Atalanta <b>\u00abPapu\u00bb G\u00f3mez<\/b>, gran seguidor de su amigo S\u00e1nchez, pero tambi\u00e9n de Tolito y Lamperti: \u201c<i>Estoy aqu\u00ed por ellos<\/i>\u201d, dijo. Entre los cabezas de serie, tambi\u00e9n bien para los n\u00famero seis del ranking <b>Goenaga\/Esbri<\/b> (7-5 6-3 sobre <b>Martinez\/Ruiz<\/b>), que en los octavos se enfrentar\u00e1n precisamente a \u00ab<b>Miguelito<\/b>\u00bb y su creativo compa\u00f1ero; todo seg\u00fan lo previsto para <b>Zapata\/Diestro<\/b> (7), que dejaron solo cinco juegos a <b>Ruiz\/Ranera<\/b> (6-3 6-2).<\/span><\/p>\n<p style=\"text-align: justify;\"><b><span style=\"font-size: 14.0pt; font-family: 'Arial Narrow',sans-serif;\">MUJERES<\/span><\/b><span style=\"font-size: 14.0pt; font-family: 'Arial Narrow',sans-serif;\"> A <b>Virginia Riera y Carmen Goenaga<\/b> les bastaron 54 minutos para cerrar el partido (6-1 6-4) contra las clasificadas <b>Peco\/Foguer<\/b>; las n\u00famero uno del cuadro se enfrentar\u00e1n ma\u00f1ana con <b>Barrera\/Caparros<\/b>, que vencieron 6-4 6-4 a la pareja <b>Dominguez\/Gallardo<\/b>. En la sesi\u00f3n de la ma\u00f1ana tambi\u00e9n victoria para <b>Sharifova\/Mart\u00ednez<\/b> (4) sobre <b>Blanco\/Vivancos<\/b> (6-1 7-6 el marcador final en poco m\u00e1s de una hora). Por la noche ser\u00e1 el turno de <b>Osoro\/Marrero<\/b> (2), que cerrar\u00e1n el programa en la cancha 4 contra <b>Noemi Aguilar<\/b> y la italiana <b>Martina Parmigiani<\/b>; antes de ellas, <b>Marina Guinart y Victoria Iglesias<\/b> (3) que se enfrentar\u00e1n a <b>Peralta\/Ribeiro<\/b>. Hablando de italianas, mientras tanto, lleg\u00f3 por la ma\u00f1ana el triplete de victorias \u00abazzurre\u00bb de <b>Chiara Pappacena, Lorena Vano y Carolina Orsi<\/b>.<\/span><\/p>\n","protected":false},"excerpt":{"rendered":"<p>&#8216;Bela&#8217; en la pista en el programa nocturno, tambi\u00e9n debut para Momo Gonz\u00e1lez. Se abre con nombres de lujo la segunda edici\u00f3n del FIP Platinum Sardegna, el torneo de la m\u00e1xima categor\u00eda del CUPRA FIP Tour, cuyo cuadro principal comenz\u00f3 hoy en el TC Cagliari. Un debut muy esperado para Fernando Belasteguin, con los aficionados [&hellip;]<\/p>\n","protected":false},"author":11,"featured_media":166529,"comment_status":"closed","ping_status":"closed","sticky":false,"template":"","format":"standard","meta":{"_acf_changed":false,"footnotes":""},"categories":[319],"tags":[],"class_list":["post-166534","post","type-post","status-publish","format-standard","has-post-thumbnail","hentry","category-fip-platinum"],"acf":[],"_links":{"self":[{"href":"https:\/\/www.padelfip.com\/es\/wp-json\/wp\/v2\/posts\/166534","targetHints":{"allow":["GET"]}}],"collection":[{"href":"https:\/\/www.padelfip.com\/es\/wp-json\/wp\/v2\/posts"}],"about":[{"href":"https:\/\/www.padelfip.com\/es\/wp-json\/wp\/v2\/types\/post"}],"author":[{"embeddable":true,"href":"https:\/\/www.padelfip.com\/es\/wp-json\/wp\/v2\/users\/11"}],"replies":[{"embeddable":true,"href":"https:\/\/www.padelfip.com\/es\/wp-json\/wp\/v2\/comments?post=166534"}],"version-history":[{"count":0,"href":"https:\/\/www.padelfip.com\/es\/wp-json\/wp\/v2\/posts\/166534\/revisions"}],"wp:featuredmedia":[{"embeddable":true,"href":"https:\/\/www.padelfip.com\/es\/wp-json\/wp\/v2\/media\/166529"}],"wp:attachment":[{"href":"https:\/\/www.padelfip.com\/es\/wp-json\/wp\/v2\/media?parent=166534"}],"wp:term":[{"taxonomy":"category","embeddable":true,"href":"https:\/\/www.padelfip.com\/es\/wp-json\/wp\/v2\/categories?post=166534"},{"taxonomy":"post_tag","embeddable":true,"href":"https:\/\/www.padelfip.com\/es\/wp-json\/wp\/v2\/tags?post=166534"}],"curies":[{"name":"wp","href":"https:\/\/api.w.org\/{rel}","templated":true}]}}