{"id":166547,"date":"2024-07-16T16:53:29","date_gmt":"2024-07-16T14:53:29","guid":{"rendered":"https:\/\/www.padelfip.com\/?p=166547"},"modified":"2024-07-16T17:29:42","modified_gmt":"2024-07-16T15:29:42","slug":"fip-platinum-sardegna-el-ultimo-tango-de-bela-en-cagliari","status":"publish","type":"post","link":"https:\/\/www.padelfip.com\/es\/2024\/07\/fip-platinum-sardegna-el-ultimo-tango-de-bela-en-cagliari\/","title":{"rendered":"FIP Platinum Sardegna, el \u00faltimo tango de Bela en Cagliari"},"content":{"rendered":"<p>El \u00faltimo tango de <strong>Bela<\/strong> en <strong>Cagliari<\/strong>. La pr\u00f3xima vez que venga aqu\u00ed, lo har\u00e1 como manager, entrenador o qui\u00e9n sabe qu\u00e9, pero su aventura como jugador profesional en las pistas del <strong>TC Cagliari<\/strong> termina en esta esperada y apasionante semana del <strong>FIP Platinum Sardegna<\/strong>, en los roles que le pertenecen por derecho: ser el n\u00famero uno. Lo fue durante 16 a\u00f1os en los rankings mundiales y lo es en el cuadro principal del torneo m\u00e1s importante, por categor\u00eda y tradici\u00f3n, del circuito <strong>Cupra FIP Tour<\/strong>, el tour m\u00e1s importante y estrat\u00e9gico de la <strong>Federaci\u00f3n Internacional de P\u00e1del<\/strong> en su labor de difusi\u00f3n de la disciplina, con 180 torneos en los cinco continentes. Lo dijo en Mil\u00e1n, durante el <strong>Premier Padel<\/strong>: \u00ab<em>La pr\u00f3xima temporada (esta) ser\u00e1 mi \u00faltima como jugador profesional<\/em>\u00ab. Permanecer\u00e1 en el p\u00e1del con mil iniciativas, eso es seguro, pero su carrera termina este a\u00f1o. Algunos esperan que cambie de opini\u00f3n, pero \u00abel hombre de los tres principios sagrados\u00bb &#8211; sacrificio, familia, aplicaci\u00f3n f\u00e9rrea &#8211; no es de los que se retractan. Nunca.<\/p>\n<p>Bela lleg\u00f3 ayer (lunes) por la tarde a Cagliari desde Barcelona. Fue all\u00ed donde vivi\u00f3 la victoria triunfal de Argentina en la Copa Am\u00e9rica, celebrando con su actual compa\u00f1ero <strong>Javi Garrido<\/strong>, en s\u00e9ptimo cielo por la victoria de su Espa\u00f1a en la Eurocopa en Alemania. Un hermanamiento en nombre del bal\u00f3n que se refleja en la cancha de p\u00e1del esta noche: <strong>Bela-Garrido<\/strong>, respectivamente n\u00famero 9 y n\u00famero 11 del <strong>Ranking FIP<\/strong>, jugar\u00e1n (<strong>contra Piotto-Del Castillo<\/strong>) como un delicioso postre de una extraordinaria aventura de p\u00e1del que ha reunido a campeones del calibre de <strong>Momo Gonz\u00e1lez, Maxi S\u00e1nchez, Luciano Capra, Miguel Lamperti<\/strong>, <strong>Tolito Aguirre<\/strong> (\u00a1cu\u00e1nta gente por la ma\u00f1ana para atraer a la pareja de la \u00abcabeza blanca\u00bb, el cabello blanco: natural en Miguel, hijo del peluquero quiz\u00e1 en homenaje a su compa\u00f1ero, en Tolito) y campeonas como <strong>Virginia Riera, Carmen Goenaga<\/strong> (pareja n\u00famero uno del sembrado), <strong>Carolina Orsi<\/strong> y otras m\u00e1s.<\/p>\n<p>En la ciudad, entre los aficionados al p\u00e1del, el nombre de Bela ha corrido de boca en boca y la cita en las gradas con m\u00e1s de mil asientos del <strong>TC Cagliari<\/strong> es inevitable, porque el \u00faltimo tango de Bela en Cagliari es un espect\u00e1culo imperdible. Imaginar al p\u00fablico de las grandes ocasiones en las gradas de la Central del elegante club de Cagliari es pr\u00e1cticamente un hecho. Muchos esperan que cambie de opini\u00f3n. Porque al jugador m\u00e1s laureado en la historia del deporte, no solo del p\u00e1del, a ese chico convertido en hombre con la raqueta en la mano, nunca te cansas de verlo moverse en la cancha. Porque si quieres espect\u00e1culo hay muchos jugadores para admirar, pero si quieres aprender algo \u00abes a Bela a quien debes mirar, ya sea desde la tribuna o la TV\u00bb, dijo recientemente un conocido comentarista. As\u00ed que, si queremos aprender, la cita es esta noche en el <strong>TC Cagliari<\/strong>, pista Central, con el m\u00e1s grande de todos los tiempos.<\/p>\n","protected":false},"excerpt":{"rendered":"<p>El \u00faltimo tango de Bela en Cagliari. La pr\u00f3xima vez que venga aqu\u00ed, lo har\u00e1 como manager, entrenador o qui\u00e9n sabe qu\u00e9, pero su aventura como jugador profesional en las pistas del TC Cagliari termina en esta esperada y apasionante semana del FIP Platinum Sardegna, en los roles que le pertenecen por derecho: ser el [&hellip;]<\/p>\n","protected":false},"author":11,"featured_media":166542,"comment_status":"closed","ping_status":"closed","sticky":false,"template":"","format":"standard","meta":{"_acf_changed":false,"footnotes":""},"categories":[319],"tags":[],"class_list":["post-166547","post","type-post","status-publish","format-standard","has-post-thumbnail","hentry","category-fip-platinum"],"acf":[],"_links":{"self":[{"href":"https:\/\/www.padelfip.com\/es\/wp-json\/wp\/v2\/posts\/166547","targetHints":{"allow":["GET"]}}],"collection":[{"href":"https:\/\/www.padelfip.com\/es\/wp-json\/wp\/v2\/posts"}],"about":[{"href":"https:\/\/www.padelfip.com\/es\/wp-json\/wp\/v2\/types\/post"}],"author":[{"embeddable":true,"href":"https:\/\/www.padelfip.com\/es\/wp-json\/wp\/v2\/users\/11"}],"replies":[{"embeddable":true,"href":"https:\/\/www.padelfip.com\/es\/wp-json\/wp\/v2\/comments?post=166547"}],"version-history":[{"count":0,"href":"https:\/\/www.padelfip.com\/es\/wp-json\/wp\/v2\/posts\/166547\/revisions"}],"wp:featuredmedia":[{"embeddable":true,"href":"https:\/\/www.padelfip.com\/es\/wp-json\/wp\/v2\/media\/166542"}],"wp:attachment":[{"href":"https:\/\/www.padelfip.com\/es\/wp-json\/wp\/v2\/media?parent=166547"}],"wp:term":[{"taxonomy":"category","embeddable":true,"href":"https:\/\/www.padelfip.com\/es\/wp-json\/wp\/v2\/categories?post=166547"},{"taxonomy":"post_tag","embeddable":true,"href":"https:\/\/www.padelfip.com\/es\/wp-json\/wp\/v2\/tags?post=166547"}],"curies":[{"name":"wp","href":"https:\/\/api.w.org\/{rel}","templated":true}]}}