{"id":184710,"date":"2024-09-14T16:34:27","date_gmt":"2024-09-14T14:34:27","guid":{"rendered":"https:\/\/www.padelfip.com\/?p=184710"},"modified":"2025-11-07T01:11:03","modified_gmt":"2025-11-07T00:11:03","slug":"los-cuadros-coello-en-casa-brea-ustero-nueva-pareja","status":"publish","type":"post","link":"https:\/\/www.padelfip.com\/es\/2024\/09\/los-cuadros-coello-en-casa-brea-ustero-nueva-pareja\/","title":{"rendered":"Los cuadros:  Coello en casa. Brea-Ustero, nueva pareja"},"content":{"rendered":"<p><strong>Arturo Coello<\/strong>, n\u00famero 1 del ranking FIP y reci\u00e9n clasificado para la final del Rotterdam Premier Padel P1, vivir\u00e1 en <strong>Valladolid<\/strong> una semana especial. Coello, en pareja con <strong>Agust\u00edn Tapia<\/strong>, jugar\u00e1 en su ciudad natal en lo que ser\u00e1 la tercera cita consecutiva del circuito <strong>Premier Padel<\/strong>, un P2 que sigue a los P1 de Madrid y Rotterdam, que a\u00fan est\u00e1 en curso. Hoy se sortearon los cuadros del <strong>Oysho Valladolid Premier Padel P2<\/strong> (el cuadro principal comienza el martes, tras la finalizaci\u00f3n de las clasificaciones), con 32 parejas en el torneo masculino y 28 en el femenino, con la novedad de la pareja formada por <strong>Delfi Brea<\/strong> y <strong>Andrea Ustero<\/strong>, quienes decidieron unirse debido a los problemas f\u00edsicos de <strong>Ale Alonso<\/strong> y <strong>Bea Gonz\u00e1lez<\/strong>.<\/p>\n<p>&nbsp;<\/p>\n<p><strong>HOMBRES Coello<\/strong> y <strong>Agust\u00edn Tapia<\/strong> debutar\u00e1n contra <strong>Enrique Goenaga<\/strong> y <strong>Arnau Ayats<\/strong>; en la otra mitad del cuadro, las cabezas de serie n\u00famero 2, <strong>Fede Chingotto<\/strong> y <strong>Ale Gal\u00e1n<\/strong>, comenzar\u00e1n su participaci\u00f3n enfrent\u00e1ndose a <strong>Javier Barahona<\/strong> y <strong>Teo Zapata. Mart\u00edn Di Nenno<\/strong> y <strong>Juan Lebr\u00f3n<\/strong> (3), eliminados en octavos en Rotterdam, volver\u00e1n a la acci\u00f3n contra los wild card <strong>Javier Vald\u00e9s<\/strong> y <strong>Daniel Windahl<\/strong>; <strong>Mike Yanguas<\/strong> y <strong>Franco Stupaczuk<\/strong> (4) se enfrentar\u00e1n a una pareja que venga de la clasificaci\u00f3n. Estos ser\u00edan los posibles cuartos de final: <strong>Coello\/Tapia (1)-Nieto\/Sanz (7), Belastegu\u00edn\/Tello (8)-Di Nenno\/Lebr\u00f3n (3), Yanguas\/Stupaczuk (4)-Cardona\/Navarro (5), Ruiz\/Garrido (6)-Chingotto\/Gal\u00e1n (2).<\/strong><\/p>\n<p>&nbsp;<\/p>\n<p><strong>MUJERES <\/strong>En el torneo femenino, <strong>Paula Josemar\u00eda<\/strong> y <strong>Ari S\u00e1nchez<\/strong> (1) debutar\u00e1n contra una pareja proveniente de la clasificaci\u00f3n o contra <strong>Araceli Mart\u00ednez<\/strong> y <strong>Alix Collombon<\/strong>. Las cabezas de serie n\u00famero 2, <strong>Gemma Triay<\/strong> y <strong>Claudia Fern\u00e1ndez<\/strong>, se enfrentar\u00e1n en octavos a dos clasificadas o a <strong>Sara Ruiz Soto<\/strong> y <strong>Carla Mesa<\/strong>. Las n\u00famero 3 ser\u00e1n <strong>Marta Ortega<\/strong> y <strong>Sof\u00eda Ara\u00fajo,<\/strong> quienes se medir\u00e1n a <strong>\u00c1gueda P\u00e9rez<\/strong> y <strong>Patri Mart\u00ednez Fortun<\/strong> o a <strong>Virginia Riera <\/strong>y <strong>Carmen Goenaga<\/strong>, quienes en Valladolid no son cabezas de serie. <strong>Brea\/Ustero<\/strong> se enfrentar\u00e1n a <strong>Giorgia Marchetti<\/strong> y <strong>L\u00e9a Godallier<\/strong> o a dos clasificadas, en un cuadro donde las primeras cuatro cabezas de serie entrar\u00e1n directamente en los octavos de final. Entre las novedades del torneo espa\u00f1ol, est\u00e1 la pareja formada por <strong>Ana Catarina Nogueira<\/strong> y <strong>Claudia Jensen<\/strong>, cabezas de serie n\u00famero 8. Posibles cuartos de final: <strong>S\u00e1nchez\/Josemar\u00eda (1)-Nogueira\/Jensen (8), Castell\u00f3\/Salazar (5)-Ortega\/Ara\u00fajo (3), Brea\/Ustero (4)-Virseda\/Osoro (7), Sainz\/Llaguno (6)-Triay\/Fern\u00e1ndez (2).<\/strong><\/p>\n","protected":false},"excerpt":{"rendered":"<p>Arturo Coello, n\u00famero 1 del ranking FIP y reci\u00e9n clasificado para la final del Rotterdam Premier Padel P1, vivir\u00e1 en Valladolid una semana especial. Coello, en pareja con Agust\u00edn Tapia, jugar\u00e1 en su ciudad natal en lo que ser\u00e1 la tercera cita consecutiva del circuito Premier Padel, un P2 que sigue a los P1 de [&hellip;]<\/p>\n","protected":false},"author":17,"featured_media":184708,"comment_status":"closed","ping_status":"closed","sticky":false,"template":"","format":"standard","meta":{"_acf_changed":false,"footnotes":""},"categories":[696],"tags":[],"class_list":["post-184710","post","type-post","status-publish","format-standard","has-post-thumbnail","hentry","category-oysho-valladolid-p2-es"],"acf":[],"_links":{"self":[{"href":"https:\/\/www.padelfip.com\/es\/wp-json\/wp\/v2\/posts\/184710","targetHints":{"allow":["GET"]}}],"collection":[{"href":"https:\/\/www.padelfip.com\/es\/wp-json\/wp\/v2\/posts"}],"about":[{"href":"https:\/\/www.padelfip.com\/es\/wp-json\/wp\/v2\/types\/post"}],"author":[{"embeddable":true,"href":"https:\/\/www.padelfip.com\/es\/wp-json\/wp\/v2\/users\/17"}],"replies":[{"embeddable":true,"href":"https:\/\/www.padelfip.com\/es\/wp-json\/wp\/v2\/comments?post=184710"}],"version-history":[{"count":0,"href":"https:\/\/www.padelfip.com\/es\/wp-json\/wp\/v2\/posts\/184710\/revisions"}],"wp:featuredmedia":[{"embeddable":true,"href":"https:\/\/www.padelfip.com\/es\/wp-json\/wp\/v2\/media\/184708"}],"wp:attachment":[{"href":"https:\/\/www.padelfip.com\/es\/wp-json\/wp\/v2\/media?parent=184710"}],"wp:term":[{"taxonomy":"category","embeddable":true,"href":"https:\/\/www.padelfip.com\/es\/wp-json\/wp\/v2\/categories?post=184710"},{"taxonomy":"post_tag","embeddable":true,"href":"https:\/\/www.padelfip.com\/es\/wp-json\/wp\/v2\/tags?post=184710"}],"curies":[{"name":"wp","href":"https:\/\/api.w.org\/{rel}","templated":true}]}}