{"id":193094,"date":"2024-10-09T16:38:34","date_gmt":"2024-10-09T14:38:34","guid":{"rendered":"https:\/\/www.padelfip.com\/?p=193094"},"modified":"2024-10-09T18:48:12","modified_gmt":"2024-10-09T16:48:12","slug":"padel-america-aqui-esta-la-junta-directiva-y-el-logo-oficial-carraro-juntos-escribiremos-el-futuro","status":"publish","type":"post","link":"https:\/\/www.padelfip.com\/es\/2024\/10\/padel-america-aqui-esta-la-junta-directiva-y-el-logo-oficial-carraro-juntos-escribiremos-el-futuro\/","title":{"rendered":"Padel America, aqu\u00ed est\u00e1 la Junta Directiva y el logo oficial. Carraro: &#8216;Juntos escribiremos el futuro&#8217;"},"content":{"rendered":"<p>La d\u00e9cima edici\u00f3n del <strong>FIP Juniors Panamerican Padel Championships<\/strong> &#8211; una edici\u00f3n hist\u00f3rica en cuanto a participaci\u00f3n, que vio el \u00e9xito de Argentina, con M\u00e9xico y Brasil en segundo y tercer lugar respectivamente &#8211; confirm\u00f3 que las perspectivas de crecimiento del padel contin\u00faan a un ritmo sostenido, tanto a nivel t\u00e9cnico como desarrollo general.<\/p>\n<p>&nbsp;<\/p>\n<p>En este juego de grandes perspectivas de futuro, el \u00e9xito de la competici\u00f3n de menores por equipos en Aguascalientes, M\u00e9xico, es la apertura perfecta para la presentaci\u00f3n de la <strong>Junta Directiva<\/strong> que dirigir\u00e1 <strong>Padel Am\u00e9rica<\/strong>, del logo oficial y de otras importantes novedades en torno a la nueva realidad del continente americano: por un lado el futuro del p\u00e1del en la pista, por otro el futuro a nivel organizativo y de desarrollo de nuestro deporte.<\/p>\n<p>&nbsp;<\/p>\n<p><a href=\"https:\/\/www.padelfip.com\/wp-content\/uploads\/2024\/10\/PadelAmerica_Logo-black-1.jpg\"><img loading=\"lazy\" decoding=\"async\" class=\"aligncenter size-full wp-image-193130\" src=\"https:\/\/www.padelfip.com\/wp-content\/uploads\/2024\/10\/PadelAmerica_Logo-black-1.jpg\" alt=\"\" width=\"700\" height=\"285\" srcset=\"https:\/\/www.padelfip.com\/wp-content\/uploads\/2024\/10\/PadelAmerica_Logo-black-1.jpg 700w, https:\/\/www.padelfip.com\/wp-content\/uploads\/2024\/10\/PadelAmerica_Logo-black-1-300x122.jpg 300w\" sizes=\"auto, (max-width: 700px) 100vw, 700px\" \/><\/a><\/p>\n<p>Padel America es una realidad creada por los pa\u00edses miembros de la <strong>FIP<\/strong> &#8211; <strong>Argentina, Brasil, Chile, Canad\u00e1, M\u00e9xico, Estados Unidos <\/strong>y<strong> Paraguay<\/strong> &#8211; precisamente con la intenci\u00f3n de fortalecer el p\u00e1del en el mundo compartiendo los objetivos fijados por la propia FIP, con miras al desarrollo y crecimiento constante de nuestro deporte en el mundo.<\/p>\n<p>&nbsp;<\/p>\n<p><strong>LA JUNTA DIRECTIVA<\/strong> La Junta Directiva de Padel America queda conformada con los siguientes nombramientos y cargos:<\/p>\n<p>&nbsp;<\/p>\n<p><strong>Jorge Ma\u00f1e Rend\u00f3n<\/strong>, M\u00e9xico \u2013 Presidente<\/p>\n<p>&nbsp;<\/p>\n<p><strong>Santiago Brito<\/strong>, Argentina &#8211; 1\u00b0 Vicepresidente<\/p>\n<p>&nbsp;<\/p>\n<p><strong>Eduardo Langer<\/strong>, Brasil &#8211; 2\u00b0 Vicepresidente<\/p>\n<p>&nbsp;<\/p>\n<p><strong>Fabian Parolin<\/strong>, Chile &#8211; Tesorero<\/p>\n<p>&nbsp;<\/p>\n<p><strong>Nancy Malone<\/strong>, Canada \u2013 Miembro<\/p>\n<p>&nbsp;<\/p>\n<p><strong>Martin Sweeney<\/strong>, USA \u2013 Miembro<\/p>\n<p>&nbsp;<\/p>\n<p><strong>Jorge Ram\u00edrez<\/strong>, Paraguay &#8211; Miembro (designado por la FIP)<\/p>\n<p>&nbsp;<\/p>\n<p><strong>GUATEMALA<\/strong> Adem\u00e1s de la Junta Directiva, la FIP y Padel America formalizan tambi\u00e9n el ingreso de <strong>Guatemala<\/strong> entre los pa\u00edses miembros de la federaci\u00f3n continental. Una entrada que da fe de la filosof\u00eda de acogida y unidad de Padel Am\u00e9rica, dispuesta a acoger a todos aquellas Federaciones que deseen compartir sus objetivos y perspectivas.<\/p>\n<p>&nbsp;<\/p>\n<p><strong>SOCIAL Y MEDIA<\/strong> Adem\u00e1s de los canales tradicionales de informaci\u00f3n sobre las distintas actividades, la nueva realidad continental americana ya est\u00e1 presente en las redes sociales y cuenta con una cuenta dedicada en Instagram, creada con el objetivo de mantener un contacto directo y constante con los aficionados al p\u00e1del y todos aquellos que contribuyen al crecimiento del p\u00e1del en Am\u00e9rica y en el mundo. Sigue la cuenta <a href=\"https:\/\/www.instagram.com\/padel.america\/?igsh=NHQwcXoyMzhyaW5q\"><strong>aqu\u00ed<\/strong><\/a><strong>.<\/strong><\/p>\n<p>&nbsp;<\/p>\n<p><strong>CARRARO<\/strong> <em>\u201cHemos querido esperar a la finalizaci\u00f3n del FIP Juniors Panamerican Padel Championships<\/em> &#8211; dijo el presidente de la FIP, <strong>Luigi Carraro<\/strong> &#8211; <em>antes de anunciar los nombramientos de la Junta Directiva de Padel Am\u00e9rica y las dem\u00e1s novedades de esta importante y estrat\u00e9gica nueva realidad. La gran competici\u00f3n celebrada en Aguascalientes, M\u00e9xico, adem\u00e1s de ser una fiesta de la amistad, del p\u00e1del y del talento, represent\u00f3 una vez m\u00e1s el futuro de nuestro deporte en el continente americano. Y, despu\u00e9s de haber admirado a<\/em> <em>nuestros j\u00f3venes en la cancha, nos pareci\u00f3 perfecto y en armon\u00eda oficializar los nombramientos y novedades de Padel America, que precisamente por esos j\u00f3venes y ese futuro tendr\u00e1n que trabajar con compromiso y entusiasmo\u201d.<\/em><\/p>\n<p>&nbsp;<\/p>\n<p><strong>MA\u00d1E<\/strong> <em>\u201cPadel America es el significado del origen de nuestro deporte. Hacer formal la union continental de la mano de la Federaci\u00f3n Internacional de Padel, es un paso muy importante que consolidar\u00e1 el crecimiento del padel y de todas las federaciones del continente, y que mejor marco que el evento FIP Juniors Panamerican Padel Championships para entrar a dicha formalidad; la primera de muchas acciones en favor siempre de los y las deportistas de nuestros pa\u00edses.<\/em><\/p>\n<p><em>En Padel America, todos compartimos la intenci\u00f3n y visi\u00f3n de trabajar d\u00eda a d\u00eda para crear m\u00e1s y mejores oportunidades para todos.<\/em><\/p>\n<p><em>Los pa\u00edses fundadores le damos la bienvenida a Guatemala que se suma para que juntos sigamos escribiendo una historia muy importante en el Padel Americano. Padel America est\u00e1 abierta a todas aquellas federaciones americanas que quieran formar parte de ella con miras a una mayor coordinaci\u00f3n entre los pa\u00edses americanos miembros de la FIP y la b\u00fasqueda de objetivos comunes para un fortalecimiento en base a la unidad y criterio del p\u00e1del en el mundo, tambi\u00e9n a trav\u00e9s de una nueva visi\u00f3n a nivel continental\u201d.<\/em><\/p>\n","protected":false},"excerpt":{"rendered":"<p>La d\u00e9cima edici\u00f3n del FIP Juniors Panamerican Padel Championships &#8211; una edici\u00f3n hist\u00f3rica en cuanto a participaci\u00f3n, que vio el \u00e9xito de Argentina, con M\u00e9xico y Brasil en segundo y tercer lugar respectivamente &#8211; confirm\u00f3 que las perspectivas de crecimiento del padel contin\u00faan a un ritmo sostenido, tanto a nivel t\u00e9cnico como desarrollo general. &nbsp; [&hellip;]<\/p>\n","protected":false},"author":17,"featured_media":193089,"comment_status":"closed","ping_status":"closed","sticky":false,"template":"","format":"standard","meta":{"_acf_changed":false,"footnotes":""},"categories":[308],"tags":[],"class_list":["post-193094","post","type-post","status-publish","format-standard","has-post-thumbnail","hentry","category-fip"],"acf":[],"_links":{"self":[{"href":"https:\/\/www.padelfip.com\/es\/wp-json\/wp\/v2\/posts\/193094","targetHints":{"allow":["GET"]}}],"collection":[{"href":"https:\/\/www.padelfip.com\/es\/wp-json\/wp\/v2\/posts"}],"about":[{"href":"https:\/\/www.padelfip.com\/es\/wp-json\/wp\/v2\/types\/post"}],"author":[{"embeddable":true,"href":"https:\/\/www.padelfip.com\/es\/wp-json\/wp\/v2\/users\/17"}],"replies":[{"embeddable":true,"href":"https:\/\/www.padelfip.com\/es\/wp-json\/wp\/v2\/comments?post=193094"}],"version-history":[{"count":0,"href":"https:\/\/www.padelfip.com\/es\/wp-json\/wp\/v2\/posts\/193094\/revisions"}],"wp:featuredmedia":[{"embeddable":true,"href":"https:\/\/www.padelfip.com\/es\/wp-json\/wp\/v2\/media\/193089"}],"wp:attachment":[{"href":"https:\/\/www.padelfip.com\/es\/wp-json\/wp\/v2\/media?parent=193094"}],"wp:term":[{"taxonomy":"category","embeddable":true,"href":"https:\/\/www.padelfip.com\/es\/wp-json\/wp\/v2\/categories?post=193094"},{"taxonomy":"post_tag","embeddable":true,"href":"https:\/\/www.padelfip.com\/es\/wp-json\/wp\/v2\/tags?post=193094"}],"curies":[{"name":"wp","href":"https:\/\/api.w.org\/{rel}","templated":true}]}}