{"id":228954,"date":"2025-01-04T18:22:41","date_gmt":"2025-01-04T17:22:41","guid":{"rendered":"https:\/\/www.padelfip.com\/?p=228954"},"modified":"2025-01-04T20:10:31","modified_gmt":"2025-01-04T19:10:31","slug":"tapia-y-coello-una-llamada-la-quimica-inmediata-y-ahora-las-ganas-de-seguir-en-el-top-durante-muchos-anos-mas","status":"publish","type":"post","link":"https:\/\/www.padelfip.com\/es\/2025\/01\/tapia-y-coello-una-llamada-la-quimica-inmediata-y-ahora-las-ganas-de-seguir-en-el-top-durante-muchos-anos-mas\/","title":{"rendered":"Tapia y Coello: \u00abUna llamada, la qu\u00edmica inmediata, y ahora las ganas de seguir en el top durante muchos a\u00f1os m\u00e1s\u00bb"},"content":{"rendered":"<p>Catorce t\u00edtulos conquistados en 2024, acompa\u00f1ados de 47 victorias consecutivas obtenidas desde julio hasta diciembre y el primer puesto en el <strong>ranking FIP<\/strong> por segundo a\u00f1o consecutivo. <strong>Arturo Coello <\/strong>y<strong> Agust\u00edn Tapia<\/strong> est\u00e1n listos para comenzar de nuevo despu\u00e9s de una temporada memorable, <em>\u00abcasi perfecta\u00bb,<\/em> como explica <strong>Arturo<\/strong> <a href=\"https:\/\/youtu.be\/kUl1RH9PMsI?feature=shared\">en la entrevista concedida a los canales oficiales de la <strong>Federaci\u00f3n Internacional de Padel<\/strong><\/a>.<\/p>\n<p>&nbsp;<\/p>\n<p><strong>EL NACIMIENTO DEL PROYECTO<\/strong> <em>\u00abHa sido una temporada casi perfecta&#8230; dejemos ese &#8216;casi&#8217;<\/em> <em>para el pr\u00f3ximo a\u00f1o, para poder mejorar a\u00fan m\u00e1s\u00bb,<\/em> dice el fuera de serie de Valladolid, que en dos a\u00f1os &#8211; desde la temporada 2023 &#8211; comenz\u00f3 un camino de imparable crecimiento con su compa\u00f1ero argentino. Una pareja nacida precisamente por iniciativa suya<em>: \u00abSucedi\u00f3 hace m\u00e1s de dos a\u00f1os y medio, fui yo quien lo llam\u00f3. En ese momento me tir\u00e9 a la piscina, era dif\u00edcil que \u00e9l me dijera que s\u00ed porque estaba jugando con Sanyo. Le pregunt\u00e9 si quer\u00eda iniciar un proyecto con dos jugadores de edad parecida, con la idea de jugar juntos varios a\u00f1os y crear algo m\u00e1s duradero. Y me dijo que s\u00ed. Tambi\u00e9n me sorprendi\u00f3 porque yo lo ve\u00eda factible, pero pensaba que quiz\u00e1 necesitaba un par de a\u00f1os m\u00e1s antes de que pudi\u00e9ramos jugar juntos. Pero se dio, y creo que desde el principio, aunque somos chicos muy distintos, hicimos buenas migas. Con el tiempo, hemos desarrollado esta relaci\u00f3n\u00bb.<\/em> Una conexi\u00f3n inmediata tambi\u00e9n para <strong>Tapia<\/strong>: <em>\u00abEs verdad que me llam\u00f3 \u00e9l, pero yo obviamente lo ten\u00eda pensado, y tambi\u00e9n lo iba a llamar en cualquier momento. \u00c9l ya ven\u00eda jugando muy bien, y creo que fue el momento justo para empezar a jugar juntos. La qu\u00edmica se vio desde el primer entrenamiento y los resultados nos dieron la raz\u00f3n\u00bb.<\/em> Para el argentino, la clave de todo es <em>\u00abel respeto. Entenderse y conocerse es fundamental\u00bb.<\/em><\/p>\n<p>&nbsp;<\/p>\n<p><strong>OBJETIVO LEYENDA<\/strong> Despu\u00e9s de dos a\u00f1os llenos de \u00e9xitos, los est\u00edmulos siguen siendo muchos<em>: \u00abCuando consigues objetivos, aparecen otros<\/em>\u00ab, contin\u00faa <strong>Coello<\/strong> en la entrevista a los canales oficiales de la FIP. <em>\u00abSer los n\u00fameros uno nos motiva a seguir siendo los mejores el mayor n\u00famero de a\u00f1os posible. Sabemos que es dif\u00edcil, hay muchos jugadores que luchan por el mismo objetivo, pero queremos entrar en la historia del padel junto a los m\u00e1s grandes: D\u00edaz, Bela, Lima\u00bb<\/em>. Un deseo de dar lo m\u00e1ximo por el objetivo m\u00e1s grande<em>: \u00abPara m\u00ed ser\u00eda un sue\u00f1o, un d\u00eda, cuando tal vez ya no juguemos m\u00e1s, sentarnos a cenar y decir: &#8216;Mira, logramos sentarnos en la mesa de los m\u00e1s grandes'\u00bb<\/em>, contin\u00faa. M\u00e1s all\u00e1 de los resultados indiscutibles, Coello y Tapia tambi\u00e9n son considerados los jugadores que inauguraron una nueva era en el padel y una nueva forma de jugar<em>. \u00abLa verdad, creo que el cambio comenz\u00f3 con <strong>Lebr\u00f3n y Gal\u00e1n<\/strong>\u00ab<\/em> &#8211; dice <strong>Agus<\/strong>. &#8211; <em>\u00abLuego llegamos nosotros, que con nuestro estilo de juego hemos agregado algo m\u00e1s y estamos muy contentos de todo lo que estamos alcanzando: al final es nuestro sue\u00f1o, y lo estamos viviendo\u00bb.<\/em><\/p>\n<p>&nbsp;<\/p>\n<p><strong>EMOCIONES<\/strong> Muchas emociones tambi\u00e9n requieren una gran capacidad para gestionarlas: \u00ab<em>Lo hacemos de manera natural\u00bb<\/em>, cuenta <strong>Coello<\/strong>. <em>\u00abVivimos momentos dif\u00edciles, con mucha presi\u00f3n diaria, y otros que parecen menos dif\u00edciles a los ojos de la gente, pero para nosotros requieren un gran esfuerzo. Creo que Agust\u00edn es m\u00e1s emotivo, yo me cuesta un poco m\u00e1s dejarme llevar. Pero son muchas las emociones que vivimos en la pista, y a veces hay que expresarlas\u00bb.<\/em> Y hablando de emociones, es <strong>Tapia<\/strong> quien cuenta uno de los momentos m\u00e1s importantes de 2024, cuando en los <strong>World Championships <\/strong>de<strong> Doha<\/strong> se encontr\u00f3 en la final precisamente con Coello: <em>\u00abFue complicado. Por lo menos de mi parte, no quer\u00eda jugar esa final contra Arturo\u00bb,<\/em> admite. <em>\u00abFue raro tenerlo enfrente, ver su juego desde el otro lado de la pista. Pero al final me quedo con que, desde fuera, tambi\u00e9n se ve lo incre\u00edble que es, como lo veo yo desde mi lado siempre. Nos sali\u00f3 bien a nosotros, a Argentina. Por suerte, estas cosas pasan una vez cada dos a\u00f1os\u00bb.<\/em> Y ahora que se acerca una nueva temporada, <strong>Arturo <\/strong>deja un mensaje a los Coello y Tapia de 2025: <em>\u00abNunca olviden lo que los ha llevado hasta donde est\u00e1n\u00bb.<\/p>\n<p><strong>Vea el v\u00eddeo:<\/strong> <a href=\"https:\/\/www.youtube.com\/watch?v=kUl1RH9PMsI&amp;ab_channel=FIP-InternationalPadelFederation\">Pulse aqu\u00ed<\/a><\/em><\/p>\n","protected":false},"excerpt":{"rendered":"<p>Catorce t\u00edtulos conquistados en 2024, acompa\u00f1ados de 47 victorias consecutivas obtenidas desde julio hasta diciembre y el primer puesto en el ranking FIP por segundo a\u00f1o consecutivo. Arturo Coello y Agust\u00edn Tapia est\u00e1n listos para comenzar de nuevo despu\u00e9s de una temporada memorable, \u00abcasi perfecta\u00bb, como explica Arturo en la entrevista concedida a los canales [&hellip;]<\/p>\n","protected":false},"author":17,"featured_media":228952,"comment_status":"closed","ping_status":"closed","sticky":false,"template":"","format":"standard","meta":{"_acf_changed":false,"footnotes":""},"categories":[308],"tags":[],"class_list":["post-228954","post","type-post","status-publish","format-standard","has-post-thumbnail","hentry","category-fip"],"acf":[],"_links":{"self":[{"href":"https:\/\/www.padelfip.com\/es\/wp-json\/wp\/v2\/posts\/228954","targetHints":{"allow":["GET"]}}],"collection":[{"href":"https:\/\/www.padelfip.com\/es\/wp-json\/wp\/v2\/posts"}],"about":[{"href":"https:\/\/www.padelfip.com\/es\/wp-json\/wp\/v2\/types\/post"}],"author":[{"embeddable":true,"href":"https:\/\/www.padelfip.com\/es\/wp-json\/wp\/v2\/users\/17"}],"replies":[{"embeddable":true,"href":"https:\/\/www.padelfip.com\/es\/wp-json\/wp\/v2\/comments?post=228954"}],"version-history":[{"count":0,"href":"https:\/\/www.padelfip.com\/es\/wp-json\/wp\/v2\/posts\/228954\/revisions"}],"wp:featuredmedia":[{"embeddable":true,"href":"https:\/\/www.padelfip.com\/es\/wp-json\/wp\/v2\/media\/228952"}],"wp:attachment":[{"href":"https:\/\/www.padelfip.com\/es\/wp-json\/wp\/v2\/media?parent=228954"}],"wp:term":[{"taxonomy":"category","embeddable":true,"href":"https:\/\/www.padelfip.com\/es\/wp-json\/wp\/v2\/categories?post=228954"},{"taxonomy":"post_tag","embeddable":true,"href":"https:\/\/www.padelfip.com\/es\/wp-json\/wp\/v2\/tags?post=228954"}],"curies":[{"name":"wp","href":"https:\/\/api.w.org\/{rel}","templated":true}]}}