{"id":233291,"date":"2025-02-25T13:00:21","date_gmt":"2025-02-25T12:00:21","guid":{"rendered":"https:\/\/www.padelfip.com\/?p=233291"},"modified":"2025-02-24T16:49:13","modified_gmt":"2025-02-24T15:49:13","slug":"paredes-aguirre-alfonso-y-marchetti-ruiz-soto-ganadores-y-listos-para-gijon","status":"publish","type":"post","link":"https:\/\/www.padelfip.com\/es\/2025\/02\/paredes-aguirre-alfonso-y-marchetti-ruiz-soto-ganadores-y-listos-para-gijon\/","title":{"rendered":"Paredes, Aguirre-Alfonso y Marchetti-Ruiz Soto ganadores y listos para Gij\u00f3n"},"content":{"rendered":"<p>Dos finales bell\u00edsimas y muy equilibradas, ambas disputadas en tres sets, coronaron a <strong>Tolito Aguirre, Gonza Alfonso, Giorgia Marchetti<\/strong> y <strong>Sara Ruiz Soto<\/strong> como reyes y reinas del <strong>FIP Gold <\/strong>de<strong> Paredes<\/strong>, en Portugal, el primer torneo de la temporada para esta categor\u00eda del CUPRA FIP Tour (habr\u00e1 otro esta semana en Dub\u00e1i).<\/p>\n<p>&nbsp;<\/p>\n<p>En el cuadro masculino, los dos argentinos derrotaron en la final a los esperad\u00edsimos portugueses <strong>Nuno <\/strong>y<strong> Miguel Deus<\/strong> (quienes ven\u00edan del \u00e9xito en el P1 de Riad), remontando un set en contra y cerrando 3-6 6-2 6-3. Tambi\u00e9n hubo remontada en la final femenina, con la italiana y la espa\u00f1ola superando 4-6 6-4 6-3 a <strong>Luc\u00eda Mart\u00ednez G\u00f3mez <\/strong>y<strong> Julieta Bidahorria<\/strong>, despu\u00e9s de haber hecho lo mismo en semifinales contra las cabezas de serie n\u00famero 2 <strong>Araceli Mart\u00ednez <\/strong>y<strong> Alix Collombon<\/strong>. El p\u00fablico llen\u00f3 las gradas del Padel Clube IdealKorpus y aplaudi\u00f3 a los ganadores, que esta semana estar\u00e1n en el Premier Padel P2 de Gij\u00f3n.<\/p>\n","protected":false},"excerpt":{"rendered":"<p>Dos finales bell\u00edsimas y muy equilibradas, ambas disputadas en tres sets, coronaron a Tolito Aguirre, Gonza Alfonso, Giorgia Marchetti y Sara Ruiz Soto como reyes y reinas del FIP Gold de Paredes, en Portugal, el primer torneo de la temporada para esta categor\u00eda del CUPRA FIP Tour (habr\u00e1 otro esta semana en Dub\u00e1i). &nbsp; En [&hellip;]<\/p>\n","protected":false},"author":11,"featured_media":233288,"comment_status":"closed","ping_status":"closed","sticky":false,"template":"","format":"standard","meta":{"_acf_changed":false,"footnotes":""},"categories":[312],"tags":[],"class_list":["post-233291","post","type-post","status-publish","format-standard","has-post-thumbnail","hentry","category-fip-gold"],"acf":[],"_links":{"self":[{"href":"https:\/\/www.padelfip.com\/es\/wp-json\/wp\/v2\/posts\/233291","targetHints":{"allow":["GET"]}}],"collection":[{"href":"https:\/\/www.padelfip.com\/es\/wp-json\/wp\/v2\/posts"}],"about":[{"href":"https:\/\/www.padelfip.com\/es\/wp-json\/wp\/v2\/types\/post"}],"author":[{"embeddable":true,"href":"https:\/\/www.padelfip.com\/es\/wp-json\/wp\/v2\/users\/11"}],"replies":[{"embeddable":true,"href":"https:\/\/www.padelfip.com\/es\/wp-json\/wp\/v2\/comments?post=233291"}],"version-history":[{"count":0,"href":"https:\/\/www.padelfip.com\/es\/wp-json\/wp\/v2\/posts\/233291\/revisions"}],"wp:featuredmedia":[{"embeddable":true,"href":"https:\/\/www.padelfip.com\/es\/wp-json\/wp\/v2\/media\/233288"}],"wp:attachment":[{"href":"https:\/\/www.padelfip.com\/es\/wp-json\/wp\/v2\/media?parent=233291"}],"wp:term":[{"taxonomy":"category","embeddable":true,"href":"https:\/\/www.padelfip.com\/es\/wp-json\/wp\/v2\/categories?post=233291"},{"taxonomy":"post_tag","embeddable":true,"href":"https:\/\/www.padelfip.com\/es\/wp-json\/wp\/v2\/tags?post=233291"}],"curies":[{"name":"wp","href":"https:\/\/api.w.org\/{rel}","templated":true}]}}