{"id":234870,"date":"2025-03-07T14:39:10","date_gmt":"2025-03-07T13:39:10","guid":{"rendered":"https:\/\/www.padelfip.com\/?p=234870"},"modified":"2025-03-07T12:40:49","modified_gmt":"2025-03-07T11:40:49","slug":"puebla-dia-3-otro-jensen-que-se-hace-grande-enzo-a-la-semifinal-con-castro","status":"publish","type":"post","link":"https:\/\/www.padelfip.com\/es\/2025\/03\/puebla-dia-3-otro-jensen-que-se-hace-grande-enzo-a-la-semifinal-con-castro\/","title":{"rendered":"Puebla, d\u00eda 3. Otro Jensen que se hace grande: Enzo a la semifinal con Castro"},"content":{"rendered":"<p><strong>Claudia y Enzo Jensen<\/strong> nacieron con menos de un a\u00f1o de diferencia. Claudia el 21 de julio de 2005, Enzo el 17 de mayo de 2006. Claudia ya se ha establecido en la cima del padel mundial y es actualmente n\u00famero 13 del <strong>ranking FIP<\/strong>, Enzo \u2013 actualmente n\u00famero 159 \u2013 quiere seguir el mismo camino. Emparejado con el espa\u00f1ol, pero nacido en Douala (Camer\u00fan) <strong>Boris Castro<\/strong>, Jensen se clasific\u00f3 para las semifinales del <strong>FIP Platinum de Puebla<\/strong> (M\u00e9xico) al vencer a los primeros cabezas de serie <strong>Denis Perino<\/strong> y <strong>Facundo Dom\u00ednguez<\/strong> con el marcador de 6-3 6-3. Un resultado que no es el primero de este inicio de temporada, ya que Jensen y Castro ya han levantado el trofeo en <strong>el FIP Silver de Valencia<\/strong>. Castro y Jensen ahora deben enfrentarse en semifinales a <strong>Tolito Aguirre<\/strong> <strong>y Gonza Alfonso<\/strong>, quienes no parecen haber tenido problemas con el desfase horario al llegar desde <strong>Gij\u00f3n<\/strong> (la otra semifinal es Rodr\u00edguez\/Rubini-Casta\u00f1o\/Suescun). Semifinales sorprendentes en el cuadro masculino, sin ninguna de las cuatro primeras parejas del ranking.<\/p>\n<p>&nbsp;<\/p>\n<p>Sin problemas de desfase horario tampoco para las protagonistas de las dos semifinales femeninas, que comenzar\u00e1n a las 17:00 hora local (medianoche CET): en la primera, <strong>Noa Canovas y Jimena Velasco <\/strong>(la \u00fanica pareja no cabeza de serie clasificada) se enfrentar\u00e1n a <strong>Aranzazu Osoro y Jessica Castell\u00f3<\/strong> (2), mientras que en la segunda se jugar\u00e1n las cabezas de serie n\u00famero 1 y 3. Por un lado, <strong>Ale Salazar y Veronica Virseda<\/strong>, por el otro, <strong>Ale Alonso y Andrea Ustero.<\/strong><\/p>\n","protected":false},"excerpt":{"rendered":"<p>Claudia y Enzo Jensen nacieron con menos de un a\u00f1o de diferencia. Claudia el 21 de julio de 2005, Enzo el 17 de mayo de 2006. Claudia ya se ha establecido en la cima del padel mundial y es actualmente n\u00famero 13 del ranking FIP, Enzo \u2013 actualmente n\u00famero 159 \u2013 quiere seguir el mismo [&hellip;]<\/p>\n","protected":false},"author":17,"featured_media":234868,"comment_status":"closed","ping_status":"closed","sticky":false,"template":"","format":"standard","meta":{"_acf_changed":false,"footnotes":""},"categories":[319],"tags":[],"class_list":["post-234870","post","type-post","status-publish","format-standard","has-post-thumbnail","hentry","category-fip-platinum"],"acf":[],"_links":{"self":[{"href":"https:\/\/www.padelfip.com\/es\/wp-json\/wp\/v2\/posts\/234870","targetHints":{"allow":["GET"]}}],"collection":[{"href":"https:\/\/www.padelfip.com\/es\/wp-json\/wp\/v2\/posts"}],"about":[{"href":"https:\/\/www.padelfip.com\/es\/wp-json\/wp\/v2\/types\/post"}],"author":[{"embeddable":true,"href":"https:\/\/www.padelfip.com\/es\/wp-json\/wp\/v2\/users\/17"}],"replies":[{"embeddable":true,"href":"https:\/\/www.padelfip.com\/es\/wp-json\/wp\/v2\/comments?post=234870"}],"version-history":[{"count":0,"href":"https:\/\/www.padelfip.com\/es\/wp-json\/wp\/v2\/posts\/234870\/revisions"}],"wp:featuredmedia":[{"embeddable":true,"href":"https:\/\/www.padelfip.com\/es\/wp-json\/wp\/v2\/media\/234868"}],"wp:attachment":[{"href":"https:\/\/www.padelfip.com\/es\/wp-json\/wp\/v2\/media?parent=234870"}],"wp:term":[{"taxonomy":"category","embeddable":true,"href":"https:\/\/www.padelfip.com\/es\/wp-json\/wp\/v2\/categories?post=234870"},{"taxonomy":"post_tag","embeddable":true,"href":"https:\/\/www.padelfip.com\/es\/wp-json\/wp\/v2\/tags?post=234870"}],"curies":[{"name":"wp","href":"https:\/\/api.w.org\/{rel}","templated":true}]}}