{"id":252549,"date":"2025-07-09T16:49:27","date_gmt":"2025-07-09T14:49:27","guid":{"rendered":"https:\/\/www.padelfip.com\/?p=252549"},"modified":"2025-07-09T16:50:54","modified_gmt":"2025-07-09T14:50:54","slug":"del-premier-padel-p1-de-tarragona-a-la-fip-junior-world-cup-el-gran-padel-mundial-aterriza-en-la-costa-daurada-carraro-un-dia-historico","status":"publish","type":"post","link":"https:\/\/www.padelfip.com\/es\/2025\/07\/del-premier-padel-p1-de-tarragona-a-la-fip-junior-world-cup-el-gran-padel-mundial-aterriza-en-la-costa-daurada-carraro-un-dia-historico\/","title":{"rendered":"Del Premier Padel P1 de Tarragona a la FIP Junior World Cup: el gran p\u00e1del mundial aterriza en la Costa Daurada. Carraro: \u201cUn d\u00eda hist\u00f3rico\u201d"},"content":{"rendered":"<p>Desde un torneo con los mejores profesionales del mundo hasta otro pensado para la NextGen. Del 27 de julio al 3 de agosto, el Palau d\u2019Esports Catalunya de Tarragona acoger\u00e1 el <strong>Cupra Costa Daurada Premier Padel P1<\/strong>, mientras que del 29 de septiembre al 5 de octubre ser\u00e1 el turno del Pavell\u00f3 Ol\u00edmpic Municipal de Reus, que albergar\u00e1 la <strong>FIP Junior World Cup<\/strong>. Dos grandes eventos internacionales que se han presentado hoy en la Oficina Territorial del Deporte de la Generalitat de Catalunya, con la presencia de autoridades institucionales, representantes del deporte y jugadores del circuito.<\/p>\n<p>&nbsp;<\/p>\n<p>El presidente de la FIP, <strong>Luigi Carraro<\/strong>, ha querido destacar la importancia del momento<em>: \u201cHoy es un d\u00eda hist\u00f3rico para el p\u00e1del porque es la primera vez que se presentan dos eventos a la vez\u201d<\/em>. Carraro agradeci\u00f3 el apoyo de los socios institucionales (Generalitat de Catalunya, Diputaci\u00f3n de Tarragona con el patrocinio de Costa Daurada, Ayuntamiento de Tarragona y Ayuntamiento de Reus) y subray\u00f3 el valor estrat\u00e9gico de esta etapa: <em>\u201cEs la primera vez que Premier Padel llega a Catalu\u00f1a en temporada regular fuera de las Finales y eso nos hace muy felices. En cuanto al Mundial, que este a\u00f1o celebra su 15\u00aa edici\u00f3n, hace algunos a\u00f1os era muy dif\u00edcil reunir 16 equipos nacionales y hoy, que se han abierto las preinscripciones, en las primeras horas ya ten\u00edamos 33 equipos nacionales masculinos y 29 femeninos. Esto nos da una fotograf\u00eda muy clara de lo que es el p\u00e1del hoy\u201d.<\/em><\/p>\n<p>&nbsp;<\/p>\n<p>Carraro tambi\u00e9n quiso enviar un mensaje a las comunidades afectadas por los incendios en Tortosa: <em>\u201cRecalcar que sois muy fuertes y estoy seguro de que reaccionar\u00e9is muy bien. Queremos llevar a cabo acciones concretas en estos dos eventos para ayudar a la zona y a las personas afectadas\u201d.<\/em><\/p>\n<p>&nbsp;<\/p>\n<p>Al acto asistieron destacadas figuras institucionales como <strong>Estefania Serrano<\/strong> (representante territorial del deporte en el Camp de Tarragona), <strong>Eduard Rovira<\/strong> (vicepresidente del Patronato de Turismo de Tarragona), <strong>Mario Soler<\/strong> (concejal de Deportes y Turismo Deportivo de Tarragona) y <strong>Enrique Mart\u00edn<\/strong> (concejal de Deportes de Reus). <em>\u201cEs un placer acogeros hoy &#8211; <\/em>dijo Serrano -.<em> Para el territorio, no es solo acoger estos dos eventos, sino poner sobre la mesa la capacidad que tenemos tanto en infraestructura como a nivel t\u00e9cnico\/humano, tur\u00edstico y cultural\u201d.<\/em><\/p>\n<p>&nbsp;<\/p>\n<p>Para <strong>Ram\u00f3n Morcillo<\/strong>, presidente de la Federaci\u00f3n Espa\u00f1ola de P\u00e1del, estos eventos son un paso clave: <em>\u201cVenir por primera vez a Tarragona y Reus supone un \u00e9xito para el p\u00e1del y tambi\u00e9n para la pol\u00edtica deportiva de Catalu\u00f1a y sus instituciones\u201d.<\/em><\/p>\n<p>&nbsp;<\/p>\n<p>La n\u00famero 2 del ranking mundial femenino FIP, <strong>Ari S\u00e1nchez,<\/strong> record\u00f3 su etapa como joven promesa en la <strong>FIP Junior World Cup<\/strong>, que calific\u00f3 <em>como \u201cuno de los mejores torneos que he jugado\u201d.<\/em> Por su parte, <strong>Tonet Sans<\/strong> expres\u00f3 la emoci\u00f3n de jugar en casa tras muchos a\u00f1os compitiendo por el mundo. Cerr\u00f3 el acto <strong>Joan Cusc\u00f3<\/strong>, presidente de <strong>Octagon Spain<\/strong>, quien afirm\u00f3: \u201c<em>El deporte lo construimos entre todos, y si solo hubiera n\u00fameros, no habr\u00eda todo lo dem\u00e1s. <\/em><em>Esto tiene mucho que ver tambi\u00e9n con el turismo, la salud y la formaci\u00f3n personal. En Tarragona y Reus viviremos una gran fiesta del deporte y del p\u00e1del\u201d.<\/em><\/p>\n","protected":false},"excerpt":{"rendered":"<p>Desde un torneo con los mejores profesionales del mundo hasta otro pensado para la NextGen. Del 27 de julio al 3 de agosto, el Palau d\u2019Esports Catalunya de Tarragona acoger\u00e1 el Cupra Costa Daurada Premier Padel P1, mientras que del 29 de septiembre al 5 de octubre ser\u00e1 el turno del Pavell\u00f3 Ol\u00edmpic Municipal de [&hellip;]<\/p>\n","protected":false},"author":17,"featured_media":252547,"comment_status":"closed","ping_status":"closed","sticky":false,"template":"","format":"standard","meta":{"_acf_changed":false,"footnotes":""},"categories":[592],"tags":[],"class_list":["post-252549","post","type-post","status-publish","format-standard","has-post-thumbnail","hentry","category-fip-junior-world-cup-es"],"acf":[],"_links":{"self":[{"href":"https:\/\/www.padelfip.com\/es\/wp-json\/wp\/v2\/posts\/252549","targetHints":{"allow":["GET"]}}],"collection":[{"href":"https:\/\/www.padelfip.com\/es\/wp-json\/wp\/v2\/posts"}],"about":[{"href":"https:\/\/www.padelfip.com\/es\/wp-json\/wp\/v2\/types\/post"}],"author":[{"embeddable":true,"href":"https:\/\/www.padelfip.com\/es\/wp-json\/wp\/v2\/users\/17"}],"replies":[{"embeddable":true,"href":"https:\/\/www.padelfip.com\/es\/wp-json\/wp\/v2\/comments?post=252549"}],"version-history":[{"count":0,"href":"https:\/\/www.padelfip.com\/es\/wp-json\/wp\/v2\/posts\/252549\/revisions"}],"wp:featuredmedia":[{"embeddable":true,"href":"https:\/\/www.padelfip.com\/es\/wp-json\/wp\/v2\/media\/252547"}],"wp:attachment":[{"href":"https:\/\/www.padelfip.com\/es\/wp-json\/wp\/v2\/media?parent=252549"}],"wp:term":[{"taxonomy":"category","embeddable":true,"href":"https:\/\/www.padelfip.com\/es\/wp-json\/wp\/v2\/categories?post=252549"},{"taxonomy":"post_tag","embeddable":true,"href":"https:\/\/www.padelfip.com\/es\/wp-json\/wp\/v2\/tags?post=252549"}],"curies":[{"name":"wp","href":"https:\/\/api.w.org\/{rel}","templated":true}]}}