{"id":260947,"date":"2025-08-05T17:55:32","date_gmt":"2025-08-05T15:55:32","guid":{"rendered":"https:\/\/www.padelfip.com\/?p=260947"},"modified":"2025-08-05T17:58:54","modified_gmt":"2025-08-05T15:58:54","slug":"potosi-el-padel-no-se-va-de-vacaciones-alonso-alfonso-y-guinart-iglesias-encabezan-los-cuadros-en-mexico","status":"publish","type":"post","link":"https:\/\/www.padelfip.com\/es\/2025\/08\/potosi-el-padel-no-se-va-de-vacaciones-alonso-alfonso-y-guinart-iglesias-encabezan-los-cuadros-en-mexico\/","title":{"rendered":"Potos\u00ed, el p\u00e1del no se va de vacaciones. Alonso-Alfonso y Guinart-Iglesias encabezan los cuadros en M\u00e9xico"},"content":{"rendered":"<p>El p\u00e1del no se va de vacaciones. Tras los dos torneos disputados en febrero en <strong>Paredes <\/strong>(Portugal) y <strong>Dub\u00e1i<\/strong>, esta semana se celebrar\u00e1 en <strong>Potos\u00ed<\/strong> (M\u00e9xico) el tercer <strong>FIP Gold<\/strong> de la temporada, que preceder\u00e1 a otro torneo en Gran Canaria, programado para la pr\u00f3xima semana, con 150 puntos para el ranking FIP en juego para los ganadores. Muchos nombres del top 100 estar\u00e1n presentes en los cuadros masculinos y femeninos. Los cabezas de serie n\u00famero 1 en el cuadro masculino ser\u00e1n <strong>Edu Alonso<\/strong> (15) y <strong>Gonza Alfonso<\/strong> (32), seguidos por <strong>\u00cd\u00f1igo Jofre<\/strong> y <strong>Lucas Campagnolo<\/strong>, con <strong>Agust\u00edn Torre<\/strong> y <strong>\u00c1lex Ruiz<\/strong> completando el podio, y <strong>Javier Barahona<\/strong> junto a <strong>\u00c1lvaro Cepero<\/strong> como pareja cabeza de serie n\u00famero 4.<\/p>\n<p>&nbsp;<\/p>\n<p>En el cuadro femenino habr\u00e1 diecis\u00e9is parejas: <strong>Marina Guinart<\/strong> y <strong>Victoria Iglesias<\/strong>, semifinalistas en el Major de Roma y recientes cuartofinalistas en el P1 de Tarragona, lideran la lista de entrada, seguidas por <strong>Luc\u00eda Sainz<\/strong> y <strong>Marina Lobo<\/strong>. <strong>Marta Barrera<\/strong> y <strong>Marta Caparr\u00f3s<\/strong> son las cabezas de serie n\u00famero 3. Tras la conclusi\u00f3n de la fase previa, el torneo comenzar\u00e1 el jueves con la primera ronda; el viernes se disputar\u00e1n la segunda ronda y los cuartos de final, el s\u00e1bado tendr\u00e1n lugar las semifinales y las finales.<\/p>\n<p>&nbsp;<\/p>\n","protected":false},"excerpt":{"rendered":"<p>El p\u00e1del no se va de vacaciones. Tras los dos torneos disputados en febrero en Paredes (Portugal) y Dub\u00e1i, esta semana se celebrar\u00e1 en Potos\u00ed (M\u00e9xico) el tercer FIP Gold de la temporada, que preceder\u00e1 a otro torneo en Gran Canaria, programado para la pr\u00f3xima semana, con 150 puntos para el ranking FIP en juego [&hellip;]<\/p>\n","protected":false},"author":11,"featured_media":260945,"comment_status":"closed","ping_status":"closed","sticky":false,"template":"","format":"standard","meta":{"_acf_changed":false,"footnotes":""},"categories":[312],"tags":[],"class_list":["post-260947","post","type-post","status-publish","format-standard","has-post-thumbnail","hentry","category-fip-gold"],"acf":[],"_links":{"self":[{"href":"https:\/\/www.padelfip.com\/es\/wp-json\/wp\/v2\/posts\/260947","targetHints":{"allow":["GET"]}}],"collection":[{"href":"https:\/\/www.padelfip.com\/es\/wp-json\/wp\/v2\/posts"}],"about":[{"href":"https:\/\/www.padelfip.com\/es\/wp-json\/wp\/v2\/types\/post"}],"author":[{"embeddable":true,"href":"https:\/\/www.padelfip.com\/es\/wp-json\/wp\/v2\/users\/11"}],"replies":[{"embeddable":true,"href":"https:\/\/www.padelfip.com\/es\/wp-json\/wp\/v2\/comments?post=260947"}],"version-history":[{"count":0,"href":"https:\/\/www.padelfip.com\/es\/wp-json\/wp\/v2\/posts\/260947\/revisions"}],"wp:featuredmedia":[{"embeddable":true,"href":"https:\/\/www.padelfip.com\/es\/wp-json\/wp\/v2\/media\/260945"}],"wp:attachment":[{"href":"https:\/\/www.padelfip.com\/es\/wp-json\/wp\/v2\/media?parent=260947"}],"wp:term":[{"taxonomy":"category","embeddable":true,"href":"https:\/\/www.padelfip.com\/es\/wp-json\/wp\/v2\/categories?post=260947"},{"taxonomy":"post_tag","embeddable":true,"href":"https:\/\/www.padelfip.com\/es\/wp-json\/wp\/v2\/tags?post=260947"}],"curies":[{"name":"wp","href":"https:\/\/api.w.org\/{rel}","templated":true}]}}