{"id":270367,"date":"2025-10-04T17:16:34","date_gmt":"2025-10-04T15:16:34","guid":{"rendered":"https:\/\/www.padelfip.com\/?p=270367"},"modified":"2025-10-04T20:11:22","modified_gmt":"2025-10-04T18:11:22","slug":"federacion-danesa-de-padel-admitida-en-el-comite-olimpico-nacional-carraro-un-momento-historico","status":"publish","type":"post","link":"https:\/\/www.padelfip.com\/es\/2025\/10\/federacion-danesa-de-padel-admitida-en-el-comite-olimpico-nacional-carraro-un-momento-historico\/","title":{"rendered":"Federaci\u00f3n Danesa de P\u00e1del admitida en el Comit\u00e9 Ol\u00edmpico Nacional. Carraro: \u00abUn momento hist\u00f3rico\u00bb"},"content":{"rendered":"<p>Un paso hist\u00f3rico para el p\u00e1del dan\u00e9s y m\u00e1s all\u00e1. La <strong>Federaci\u00f3n Danesa de P\u00e1del<\/strong> (DPF) se unir\u00e1 oficialmente al <strong>National Olympic Committee and Sports Confederation of Denmark<\/strong> (DIF), con membres\u00eda a partir del 1 de enero de 2026.<\/p>\n<p>&nbsp;<\/p>\n<p>La hist\u00f3rica admisi\u00f3n fue aprobada por una amplia mayor\u00eda durante la reuni\u00f3n anual de presupuesto del DIF y marca un hito importante para el p\u00e1del dan\u00e9s, que hasta ahora hab\u00eda sido gestionado como una actividad bajo la Federaci\u00f3n Danesa de Tenis. De este modo, el p\u00e1del en Dinamarca se convierte en un deporte independiente dentro del sistema deportivo nacional, un reconocimiento que eleva el prestigio del deporte a nivel internacional.<\/p>\n<p>&nbsp;<\/p>\n<p><em>\u00abEs absolutamente fant\u00e1stico que en la Federaci\u00f3n Danesa de P\u00e1del pronto podamos llamarnos miembros del DIF \u2014algo que dese\u00e1bamos desde hace muchos a\u00f1os\u2014 y que el p\u00e1del sea ahora reconocido como un deporte independiente\u00bb, <\/em>dijo <strong>Frederik Bentler<\/strong>, presidente de la DPF.<em> \u00abEsto tambi\u00e9n nos proporciona las herramientas adecuadas para continuar con el desarrollo positivo del p\u00e1del dan\u00e9s. Con el apoyo del Comit\u00e9 Ol\u00edmpico Nacional, aumentaremos ahora nuestros esfuerzos para lograr que m\u00e1s ni\u00f1os practiquen p\u00e1del, trabajando intensamente para formar a m\u00e1s entrenadores en todo el pa\u00eds y apoyar as\u00ed a nuestros clubes. Esperamos dar los pr\u00f3ximos pasos \u2014 junto con la Federaci\u00f3n Danesa de Tenis y con el apoyo del DIF \u2014 hacia nuestra ambici\u00f3n de hacer del p\u00e1del un deporte para todos\u00bb.<\/em><\/p>\n<p>&nbsp;<\/p>\n<p>El presidente de la FIP, <strong>Luigi Carraro,<\/strong> al conocer la noticia, coment\u00f3: \u00ab<em>La hist\u00f3rica admisi\u00f3n de la DPF al DIF \u2013el Comit\u00e9 Ol\u00edmpico Nacional y Confederaci\u00f3n Deportiva de Dinamarca\u2013 es una se\u00f1al clara del compromiso y el trabajo arduo de la Federaci\u00f3n a lo largo de los a\u00f1os. Mis m\u00e1s sinceras felicitaciones al presidente de la DPF, Frederik Bentler, y mi m\u00e1s c\u00e1lido agradecimiento al presidente del DIF, Hans Natorp, por haber incorporado el p\u00e1del al Comit\u00e9 Ol\u00edmpico Nacional dan\u00e9s.\u00bb<\/em><\/p>\n<p>&nbsp;<\/p>\n<p><strong>Hans Natorp<\/strong>, presidente del DIF, tambi\u00e9n expres\u00f3 su entusiasmo<em>: \u00abDamos una c\u00e1lida y cordial bienvenida a la Federaci\u00f3n Danesa de P\u00e1del. Esta admisi\u00f3n representa tanto un hito en la historia deportiva danesa como un reconocimiento al deporte en s\u00ed mismo. Me complace enormemente que la federaci\u00f3n forme ahora parte de la comunidad del DIF. En muy poco tiempo, el p\u00e1del se ha convertido en un deporte practicado por miles de daneses, y espero ver c\u00f3mo el DIF apoyar\u00e1 el desarrollo continuo del deporte, al mismo tiempo que se inspira en la innovaci\u00f3n que trae consigo la Federaci\u00f3n Danesa de P\u00e1del\u00bb.<\/em><\/p>\n<p>&nbsp;<\/p>\n","protected":false},"excerpt":{"rendered":"<p>Un paso hist\u00f3rico para el p\u00e1del dan\u00e9s y m\u00e1s all\u00e1. La Federaci\u00f3n Danesa de P\u00e1del (DPF) se unir\u00e1 oficialmente al National Olympic Committee and Sports Confederation of Denmark (DIF), con membres\u00eda a partir del 1 de enero de 2026. &nbsp; La hist\u00f3rica admisi\u00f3n fue aprobada por una amplia mayor\u00eda durante la reuni\u00f3n anual de presupuesto [&hellip;]<\/p>\n","protected":false},"author":11,"featured_media":270363,"comment_status":"closed","ping_status":"closed","sticky":false,"template":"","format":"standard","meta":{"_acf_changed":false,"footnotes":""},"categories":[308],"tags":[],"class_list":["post-270367","post","type-post","status-publish","format-standard","has-post-thumbnail","hentry","category-fip"],"acf":[],"_links":{"self":[{"href":"https:\/\/www.padelfip.com\/es\/wp-json\/wp\/v2\/posts\/270367","targetHints":{"allow":["GET"]}}],"collection":[{"href":"https:\/\/www.padelfip.com\/es\/wp-json\/wp\/v2\/posts"}],"about":[{"href":"https:\/\/www.padelfip.com\/es\/wp-json\/wp\/v2\/types\/post"}],"author":[{"embeddable":true,"href":"https:\/\/www.padelfip.com\/es\/wp-json\/wp\/v2\/users\/11"}],"replies":[{"embeddable":true,"href":"https:\/\/www.padelfip.com\/es\/wp-json\/wp\/v2\/comments?post=270367"}],"version-history":[{"count":0,"href":"https:\/\/www.padelfip.com\/es\/wp-json\/wp\/v2\/posts\/270367\/revisions"}],"wp:featuredmedia":[{"embeddable":true,"href":"https:\/\/www.padelfip.com\/es\/wp-json\/wp\/v2\/media\/270363"}],"wp:attachment":[{"href":"https:\/\/www.padelfip.com\/es\/wp-json\/wp\/v2\/media?parent=270367"}],"wp:term":[{"taxonomy":"category","embeddable":true,"href":"https:\/\/www.padelfip.com\/es\/wp-json\/wp\/v2\/categories?post=270367"},{"taxonomy":"post_tag","embeddable":true,"href":"https:\/\/www.padelfip.com\/es\/wp-json\/wp\/v2\/tags?post=270367"}],"curies":[{"name":"wp","href":"https:\/\/api.w.org\/{rel}","templated":true}]}}