{"id":272773,"date":"2025-10-14T15:11:07","date_gmt":"2025-10-14T13:11:07","guid":{"rendered":"https:\/\/www.padelfip.com\/?p=272773"},"modified":"2025-10-14T16:46:25","modified_gmt":"2025-10-14T14:46:25","slug":"lyon-todo-listo-para-el-espectaculo-en-el-palais-des-sports-de-gerland","status":"publish","type":"post","link":"https:\/\/www.padelfip.com\/es\/2025\/10\/lyon-todo-listo-para-el-espectaculo-en-el-palais-des-sports-de-gerland\/","title":{"rendered":"Lyon, todo listo  para el espect\u00e1culo en el Palais des Sports de Gerland"},"content":{"rendered":"<p>El <strong>Palais des Sports de Gerland<\/strong> est\u00e1 listo para acoger el <strong>FIP Platinum<\/strong> de <strong>Lyon<\/strong>, el tercer torneo de la categor\u00eda reina del <strong>CUPRA FIP Tour<\/strong> despu\u00e9s de Puebla y Sevilla, con 300 puntos en el ranking FIP en juego para las parejas campeonas. Y la lista de entrada del cuadro principal, que arrancar\u00e1 el mi\u00e9rcoles, es realmente excepcional: tras la retirada de Fede Chingotto y Ale Gal\u00e1n, que el domingo se proclamaron campeones del Oysho Milano Premier Padel P1, los cabezas de serie n\u00famero 1 del cuadro masculino de 32 parejas ser\u00e1n <strong>Mart\u00edn Di Nenno<\/strong> (n\u00famero 9 del ranking FIP y semifinalista en el Allianz Cloud junto a Leo Augsburger) y <strong>Javi Leal.<\/strong> En la otra parte del cuadro estar\u00e1n <strong>Momo Gonz\u00e1lez<\/strong> y <strong>Fran Guerrero<\/strong> (campe\u00f3n el a\u00f1o pasado en Lyon junto a Jairo Bautista), mientras que <strong>Edu Alonso<\/strong> y <strong>Juan Tello<\/strong> completan el podio de favoritos. Tambi\u00e9n llegan de una gran semana en Mil\u00e1n <strong>Javi Garc\u00eda<\/strong> y <strong>Javier Barahona<\/strong>, cabezas de serie n\u00famero 4.<\/p>\n<p>&nbsp;<\/p>\n<p><strong>FEMENINO<\/strong> <strong>Tamara Icardo<\/strong> y <strong>Marina Guinart<\/strong> liderar\u00e1n el cuadro femenino, seguidas en la lista de entrada por <strong>Ale Alonso<\/strong> y <strong>Luc\u00eda Sainz<\/strong>: para la joven espa\u00f1ola, ser\u00e1 una nueva oportunidad de prolongar su gran conexi\u00f3n con los FIP Platinum, tras sus triunfos en M\u00e9xico \u2014 en noviembre (precisamente junto a Sainz) y en marzo \u2014 y el de Sevilla en septiembre. <strong>Ale Salazar<\/strong> y <strong>Martina Calvo<\/strong> parten como cabezas de serie n\u00famero 3 en un torneo repleto de talento, seguidas por <strong>Aranzazu Osoro<\/strong> y <strong>Victoria Iglesias<\/strong>, que se medir\u00e1n en primera ronda a la pareja francesa <strong>Jessica Ginier Barbier<\/strong> y <strong>Alix Collombon<\/strong>. <strong>Bea Caldera<\/strong> y <strong>Lorena Rufo<\/strong>, campeonas juntas el a\u00f1o pasado, se presentan esta vez con compa\u00f1eras distintas: Caldera jugar\u00e1 junto a <strong>Carmen Goenaga<\/strong> (5), mientras que Rufo lo har\u00e1 con <strong>Jessica Castell\u00f3<\/strong> (6).<\/p>\n<p>&nbsp;<\/p>\n<p>Los partidos del cuadro principal comenzar\u00e1n el mi\u00e9rcoles, con las finales previstas para el domingo.<\/p>\n<p>&nbsp;<\/p>\n","protected":false},"excerpt":{"rendered":"<p>El Palais des Sports de Gerland est\u00e1 listo para acoger el FIP Platinum de Lyon, el tercer torneo de la categor\u00eda reina del CUPRA FIP Tour despu\u00e9s de Puebla y Sevilla, con 300 puntos en el ranking FIP en juego para las parejas campeonas. Y la lista de entrada del cuadro principal, que arrancar\u00e1 el [&hellip;]<\/p>\n","protected":false},"author":11,"featured_media":272812,"comment_status":"closed","ping_status":"closed","sticky":false,"template":"","format":"standard","meta":{"_acf_changed":false,"footnotes":""},"categories":[319],"tags":[],"class_list":["post-272773","post","type-post","status-publish","format-standard","has-post-thumbnail","hentry","category-fip-platinum"],"acf":[],"_links":{"self":[{"href":"https:\/\/www.padelfip.com\/es\/wp-json\/wp\/v2\/posts\/272773","targetHints":{"allow":["GET"]}}],"collection":[{"href":"https:\/\/www.padelfip.com\/es\/wp-json\/wp\/v2\/posts"}],"about":[{"href":"https:\/\/www.padelfip.com\/es\/wp-json\/wp\/v2\/types\/post"}],"author":[{"embeddable":true,"href":"https:\/\/www.padelfip.com\/es\/wp-json\/wp\/v2\/users\/11"}],"replies":[{"embeddable":true,"href":"https:\/\/www.padelfip.com\/es\/wp-json\/wp\/v2\/comments?post=272773"}],"version-history":[{"count":0,"href":"https:\/\/www.padelfip.com\/es\/wp-json\/wp\/v2\/posts\/272773\/revisions"}],"wp:featuredmedia":[{"embeddable":true,"href":"https:\/\/www.padelfip.com\/es\/wp-json\/wp\/v2\/media\/272812"}],"wp:attachment":[{"href":"https:\/\/www.padelfip.com\/es\/wp-json\/wp\/v2\/media?parent=272773"}],"wp:term":[{"taxonomy":"category","embeddable":true,"href":"https:\/\/www.padelfip.com\/es\/wp-json\/wp\/v2\/categories?post=272773"},{"taxonomy":"post_tag","embeddable":true,"href":"https:\/\/www.padelfip.com\/es\/wp-json\/wp\/v2\/tags?post=272773"}],"curies":[{"name":"wp","href":"https:\/\/api.w.org\/{rel}","templated":true}]}}