{"id":83587,"date":"2023-06-15T15:03:07","date_gmt":"2023-06-15T13:03:07","guid":{"rendered":"https:\/\/www.padelfip.com\/?p=83587"},"modified":"2023-06-21T17:04:44","modified_gmt":"2023-06-21T15:04:44","slug":"padel-en-el-escenario-mas-grande","status":"publish","type":"post","link":"https:\/\/www.padelfip.com\/es\/2023\/06\/padel-en-el-escenario-mas-grande\/","title":{"rendered":"P\u00e1del en el escenario m\u00e1s grande"},"content":{"rendered":"<p><strong>\u00a0<\/strong><\/p>\n<p>P\u00e1del en el escenario m\u00e1s grande. La primera vez en cinco c\u00edrculos nunca se olvida. El p\u00e1del har\u00e1 su debut en los <strong>European Games de Cracovia<\/strong>, y para la FIP -que ha estado trabajando en esta direcci\u00f3n durante los \u00faltimos a\u00f1os- ser\u00e1 un acontecimiento hist\u00f3rico. En la pista habr\u00e1 <strong>80 parejas de 23 naciones,<\/strong> que competir\u00e1n en tres cuadros: masculino, femenino y mixto.<\/p>\n<p>&nbsp;<\/p>\n<p>Del <strong>21 al 25 de junio <\/strong>se celebrar\u00e1 una semana ineludible en <strong>Polonia<\/strong>, donde la pista central de la <strong>plaza principal de<\/strong> <strong>Cracovia<\/strong> acoger\u00e1 a los jugadores m\u00e1s fuertes del viejo continente. El cuadro masculino y femenino constar\u00e1 de 32 parejas, y el mixto de 16 parejas. Todos los partidos se jugar\u00e1n al mejor de tres sets, con tie-breaks.<\/p>\n<p>&nbsp;<\/p>\n<p><strong>Espa\u00f1a<\/strong> encabeza la lista de cabezas de serie y es la favorita para la medalla de oro: en el cuadro masculino, los otros cabezas de serie son <strong>Francia, Portuga<\/strong>l y <strong>B\u00e9lgica<\/strong>. En el cuadro femenino, sin embargo, justo despu\u00e9s de <strong>Espa\u00f1a <\/strong>est\u00e1n<strong> Italia<\/strong> y, de nuevo, <strong>B\u00e9lgica <\/strong>y <strong>Portugal<\/strong>. En el cuadro mixto, por \u00faltimo,<strong> Espa\u00f1a <\/strong>y <strong>Portugal<\/strong> est\u00e1n en cabeza.<\/p>\n<p>&nbsp;<\/p>\n<p>El torneo, que se disputar\u00e1 a partir del <strong>mi\u00e9rcoles 21 <\/strong>y ver\u00e1 las finales por la medalla de bronce y las de oro el <strong>domingo 25<\/strong> (empezando por la ma\u00f1ana con las finales por el tercer puesto), estar\u00e1 precedido en la noche del martes 20 por la ceremonia de apertura. Porque el sue\u00f1o de ver el p\u00e1del en los <strong>Juegos Europeos<\/strong> es una realidad, y es bueno y justo que todos lo vivan al m\u00e1ximo.<\/p>\n","protected":false},"excerpt":{"rendered":"<p>\u00a0 P\u00e1del en el escenario m\u00e1s grande. La primera vez en cinco c\u00edrculos nunca se olvida. El p\u00e1del har\u00e1 su debut en los European Games de Cracovia, y para la FIP -que ha estado trabajando en esta direcci\u00f3n durante los \u00faltimos a\u00f1os- ser\u00e1 un acontecimiento hist\u00f3rico. En la pista habr\u00e1 80 parejas de 23 naciones, [&hellip;]<\/p>\n","protected":false},"author":11,"featured_media":83560,"comment_status":"closed","ping_status":"closed","sticky":false,"template":"","format":"standard","meta":{"_acf_changed":false,"footnotes":""},"categories":[317],"tags":[],"class_list":["post-83587","post","type-post","status-publish","format-standard","has-post-thumbnail","hentry","category-european-games"],"acf":[],"_links":{"self":[{"href":"https:\/\/www.padelfip.com\/es\/wp-json\/wp\/v2\/posts\/83587","targetHints":{"allow":["GET"]}}],"collection":[{"href":"https:\/\/www.padelfip.com\/es\/wp-json\/wp\/v2\/posts"}],"about":[{"href":"https:\/\/www.padelfip.com\/es\/wp-json\/wp\/v2\/types\/post"}],"author":[{"embeddable":true,"href":"https:\/\/www.padelfip.com\/es\/wp-json\/wp\/v2\/users\/11"}],"replies":[{"embeddable":true,"href":"https:\/\/www.padelfip.com\/es\/wp-json\/wp\/v2\/comments?post=83587"}],"version-history":[{"count":0,"href":"https:\/\/www.padelfip.com\/es\/wp-json\/wp\/v2\/posts\/83587\/revisions"}],"wp:featuredmedia":[{"embeddable":true,"href":"https:\/\/www.padelfip.com\/es\/wp-json\/wp\/v2\/media\/83560"}],"wp:attachment":[{"href":"https:\/\/www.padelfip.com\/es\/wp-json\/wp\/v2\/media?parent=83587"}],"wp:term":[{"taxonomy":"category","embeddable":true,"href":"https:\/\/www.padelfip.com\/es\/wp-json\/wp\/v2\/categories?post=83587"},{"taxonomy":"post_tag","embeddable":true,"href":"https:\/\/www.padelfip.com\/es\/wp-json\/wp\/v2\/tags?post=83587"}],"curies":[{"name":"wp","href":"https:\/\/api.w.org\/{rel}","templated":true}]}}