{"id":83628,"date":"2023-06-16T14:07:25","date_gmt":"2023-06-16T12:07:25","guid":{"rendered":"https:\/\/www.padelfip.com\/?p=83628"},"modified":"2023-06-16T14:10:04","modified_gmt":"2023-06-16T12:10:04","slug":"ultima-etapa-antes-de-los-european-games","status":"publish","type":"post","link":"https:\/\/www.padelfip.com\/es\/2023\/06\/ultima-etapa-antes-de-los-european-games\/","title":{"rendered":"\u00daltima etapa antes de los European Games"},"content":{"rendered":"<p>El \u00faltimo torneo del <strong>CUPRA FIP Tou<\/strong>r antes de los the European Games de Cracovia se disputa en Cordenons, en la regi\u00f3n italiana de <strong>Friuli Venezia-Giulia<\/strong>. Segunda competici\u00f3n consecutiva en Italia tras la de <strong>Porto Sant&#8217;Elpidio<\/strong>. Se disputar\u00e1n dos cuadros: uno masculino de 32 parejas y otro femenino de 21. Algunos atletas se preparar\u00e1n para despegar hacia Polonia, donde est\u00e1n programados los <strong>European Games <\/strong>de la pr\u00f3xima semana. La pista central del Eurosporting, con 300 localidades, est\u00e1 preparada para acoger un fin de semana de gran p\u00e1del.<\/p>\n<p>&nbsp;<\/p>\n<p>En el cuadro masculino, los espa\u00f1oles <strong>Miguel \u00c1ngel Solbes<\/strong> y <strong>Miguel Gonz\u00e1lez<\/strong> encabezan la lista de cabezas de serie, con <strong>Carlos P\u00e9rez Cabeza<\/strong> y el italo-argentino <strong>Emiliano Mart\u00edn Iriart <\/strong>como n\u00famero 2.<\/p>\n<p>&nbsp;<\/p>\n<p>Entre las mujeres, sin embargo, las italianas <strong>Lara Meccico<\/strong> y <strong>Valentina Tommasi <\/strong>encabezan la lista de inscritas, con las espa\u00f1olas <strong>Mar\u00eda Portillo P\u00e9rez<\/strong> y <strong>Mar\u00eda Pereza Arias<\/strong> en el otro lado del cuadro.<\/p>\n<p>&nbsp;<\/p>\n","protected":false},"excerpt":{"rendered":"<p>El \u00faltimo torneo del CUPRA FIP Tour antes de los the European Games de Cracovia se disputa en Cordenons, en la regi\u00f3n italiana de Friuli Venezia-Giulia. Segunda competici\u00f3n consecutiva en Italia tras la de Porto Sant&#8217;Elpidio. Se disputar\u00e1n dos cuadros: uno masculino de 32 parejas y otro femenino de 21. Algunos atletas se preparar\u00e1n para [&hellip;]<\/p>\n","protected":false},"author":11,"featured_media":83625,"comment_status":"closed","ping_status":"closed","sticky":false,"template":"","format":"standard","meta":{"_acf_changed":false,"footnotes":""},"categories":[310],"tags":[],"class_list":["post-83628","post","type-post","status-publish","format-standard","has-post-thumbnail","hentry","category-fip-rise"],"acf":[],"_links":{"self":[{"href":"https:\/\/www.padelfip.com\/es\/wp-json\/wp\/v2\/posts\/83628","targetHints":{"allow":["GET"]}}],"collection":[{"href":"https:\/\/www.padelfip.com\/es\/wp-json\/wp\/v2\/posts"}],"about":[{"href":"https:\/\/www.padelfip.com\/es\/wp-json\/wp\/v2\/types\/post"}],"author":[{"embeddable":true,"href":"https:\/\/www.padelfip.com\/es\/wp-json\/wp\/v2\/users\/11"}],"replies":[{"embeddable":true,"href":"https:\/\/www.padelfip.com\/es\/wp-json\/wp\/v2\/comments?post=83628"}],"version-history":[{"count":0,"href":"https:\/\/www.padelfip.com\/es\/wp-json\/wp\/v2\/posts\/83628\/revisions"}],"wp:featuredmedia":[{"embeddable":true,"href":"https:\/\/www.padelfip.com\/es\/wp-json\/wp\/v2\/media\/83625"}],"wp:attachment":[{"href":"https:\/\/www.padelfip.com\/es\/wp-json\/wp\/v2\/media?parent=83628"}],"wp:term":[{"taxonomy":"category","embeddable":true,"href":"https:\/\/www.padelfip.com\/es\/wp-json\/wp\/v2\/categories?post=83628"},{"taxonomy":"post_tag","embeddable":true,"href":"https:\/\/www.padelfip.com\/es\/wp-json\/wp\/v2\/tags?post=83628"}],"curies":[{"name":"wp","href":"https:\/\/api.w.org\/{rel}","templated":true}]}}