{"id":89661,"date":"2023-06-21T10:49:18","date_gmt":"2023-06-21T08:49:18","guid":{"rendered":"https:\/\/www.padelfip.com\/?p=89661"},"modified":"2023-06-21T10:56:39","modified_gmt":"2023-06-21T08:56:39","slug":"janowicz-vuelve-a-cracovia-de-wimbledon-al-padel-el-deporte-de-mi-renacimiento","status":"publish","type":"post","link":"https:\/\/www.padelfip.com\/es\/2023\/06\/janowicz-vuelve-a-cracovia-de-wimbledon-al-padel-el-deporte-de-mi-renacimiento\/","title":{"rendered":"Janowicz vuelve a Cracovia, de Wimbledon al p\u00e1del: \u00abEl deporte de mi renacimiento\u00bb"},"content":{"rendered":"<p>Hace diez a\u00f1os, el 12 de agosto de 2013, <strong>Jerzy Janowicz<\/strong> alcanz\u00f3 el punto m\u00e1s alto de su carrera ten\u00edstica. N\u00famero 13 del ranking mundial, apenas unas semanas despu\u00e9s de alcanzar las semifinales en <strong>Wimbledon<\/strong>, perdi\u00f3 ante Andy Murray tras ganar el primer set. Jerzy, de 203 cm, jug\u00f3 su \u00faltimo partido de tenis el pasado septiembre, en su Challenger \u00abde casa\u00bb, en Szczecin, pero est\u00e1 listo para vivir la aventura de los <strong>Juegos Europeos de Cracovia<\/strong>: de nuevo con una raqueta en la mano, pero de p\u00e1del. La <strong>Plaza Mayor de Cracovia<\/strong>, preparada para la gran cita, est\u00e1 lista para acoger a los jugadores m\u00e1s fuertes de Europa, y Janowicz tambi\u00e9n -despu\u00e9s de batallar con muchas lesiones- quiere competir, intentando hacer como otra campeona de tenis -la italiana <strong>Roberta Vinci<\/strong>&#8211; que ha iniciado una segunda carrera en el p\u00e1del. En Polonia, el p\u00e1del est\u00e1 creciendo, hasta el punto de que otra campeona de tenis, <strong>Agnieszka Radwanska<\/strong>, se ha aficionado a la &#8216;pala&#8217; y, como ella, famosos ex futbolistas como <strong>Tomasz K\u0142os <\/strong>o <strong>Marcin \u017bew\u0142akow<\/strong>, ambos en el ranking nacional. Pero Janowicz es uno de los jugadores a seguir con mayor curiosidad.<\/p>\n<p>&nbsp;<\/p>\n<p>Las lesiones, especialmente las de sus rodillas repetidamente operadas, le han penalizado -su \u00faltima temporada completa, Jerzy la jug\u00f3 en 2017-, pero su curr\u00edculum habla por s\u00ed solo: adem\u00e1s de la semifinal de Wimbledon, en 2013 tambi\u00e9n alcanz\u00f3 la tercera ronda en el Abierto de Australia y en Roland Garros. \u00ab<em>Este es mi renacer, despu\u00e9s de tantas lesiones &#8211;<\/em>dice <strong>Jerzy<\/strong><em>-. El p\u00e1del es muy diferente al tenis y las ganancias tambi\u00e9n son diferentes (risas, ed.), pero con el p\u00e1del puedo jugar, divertirme, perseguir objetivos sin temer por mi cuerpo. El p\u00e1del en este momento de mi vida es muy importante y divertido de jugar, es todo lo contrario de lo que ha sido el tenis para m\u00ed en los \u00faltimos a\u00f1os. Llegu\u00e9 a odiarlo por los muchos problemas f\u00edsicos que ten\u00eda y durante los \u00faltimos seis a\u00f1os lo que m\u00e1s sent\u00eda en la pista de tenis era el dolor, me destrozaba mental y f\u00edsicamente. Ahora, con el p\u00e1del, se ve, \u00bfno? Vuelvo a sonre\u00ed<\/em>r\u00bb.<\/p>\n<p>&nbsp;<\/p>\n<p>Fue un shock: \u00ab<em>Estoy contento, pero estoy acostumbrado a ciertas presiones en las competiciones por equipos, despu\u00e9s de haber jugado tantos partidos de Copa Davis. Pero aqu\u00ed jugamos al p\u00e1del: nuevo deporte, nuevos retos, nuevos resultados que perseguir<\/em>\u00ab. En las redes sociales, Janowicz se ha fotografiado en la pista con la copa, y a principios de a\u00f1o tambi\u00e9n gan\u00f3 un torneo en Tychy, formando pareja con su compatriota <strong>Marcin Maszczyk<\/strong>, que tambi\u00e9n figura entre los convocados para los Juegos Europeos. \u00ab<em>Fueron unos amigos los que me trajeron entre copas -explica-. Jugu\u00e9 unos pocos partidos en 2016 tras una lesi\u00f3n, pero luego intent\u00e9 volver al tenis. Y fue el pasado noviembre cuando hice unos entrenamientos con jugadores profesionales espa\u00f1oles de p\u00e1del en Alicante, y volver\u00e9 all\u00ed en un par de semanas para trabajar duro con ellos. Tengo muchos golpes que arrastro del tenis y la \u00fanica forma de cambiar mi piel es entrenando<\/em>\u00ab. Janowicz jugar\u00e1 dobles masculinos y dobles mixtos: dos metros de potencia y talento para arrastrar a Polonia a una medalla.<\/p>\n","protected":false},"excerpt":{"rendered":"<p>Hace diez a\u00f1os, el 12 de agosto de 2013, Jerzy Janowicz alcanz\u00f3 el punto m\u00e1s alto de su carrera ten\u00edstica. N\u00famero 13 del ranking mundial, apenas unas semanas despu\u00e9s de alcanzar las semifinales en Wimbledon, perdi\u00f3 ante Andy Murray tras ganar el primer set. Jerzy, de 203 cm, jug\u00f3 su \u00faltimo partido de tenis el [&hellip;]<\/p>\n","protected":false},"author":11,"featured_media":89671,"comment_status":"closed","ping_status":"closed","sticky":false,"template":"","format":"standard","meta":{"_acf_changed":false,"footnotes":""},"categories":[317],"tags":[],"class_list":["post-89661","post","type-post","status-publish","format-standard","has-post-thumbnail","hentry","category-european-games"],"acf":[],"_links":{"self":[{"href":"https:\/\/www.padelfip.com\/es\/wp-json\/wp\/v2\/posts\/89661","targetHints":{"allow":["GET"]}}],"collection":[{"href":"https:\/\/www.padelfip.com\/es\/wp-json\/wp\/v2\/posts"}],"about":[{"href":"https:\/\/www.padelfip.com\/es\/wp-json\/wp\/v2\/types\/post"}],"author":[{"embeddable":true,"href":"https:\/\/www.padelfip.com\/es\/wp-json\/wp\/v2\/users\/11"}],"replies":[{"embeddable":true,"href":"https:\/\/www.padelfip.com\/es\/wp-json\/wp\/v2\/comments?post=89661"}],"version-history":[{"count":0,"href":"https:\/\/www.padelfip.com\/es\/wp-json\/wp\/v2\/posts\/89661\/revisions"}],"wp:featuredmedia":[{"embeddable":true,"href":"https:\/\/www.padelfip.com\/es\/wp-json\/wp\/v2\/media\/89671"}],"wp:attachment":[{"href":"https:\/\/www.padelfip.com\/es\/wp-json\/wp\/v2\/media?parent=89661"}],"wp:term":[{"taxonomy":"category","embeddable":true,"href":"https:\/\/www.padelfip.com\/es\/wp-json\/wp\/v2\/categories?post=89661"},{"taxonomy":"post_tag","embeddable":true,"href":"https:\/\/www.padelfip.com\/es\/wp-json\/wp\/v2\/tags?post=89661"}],"curies":[{"name":"wp","href":"https:\/\/api.w.org\/{rel}","templated":true}]}}